{"id":101,"date":"2011-06-09T18:57:55","date_gmt":"2011-06-09T18:57:55","guid":{"rendered":"http:\/\/compartilhar.com.br\/asphan\/?p=101"},"modified":"2011-06-09T19:03:36","modified_gmt":"2011-06-09T19:03:36","slug":"diagnostico-da-estrutura-organizacional-no-ambito-do-ministerio-da-cultura","status":"publish","type":"post","link":"http:\/\/www.asphan.org.br\/index.php\/diagnostico-da-estrutura-organizacional-no-ambito-do-ministerio-da-cultura","title":{"rendered":"Diagn\u00f3stico da estrutura organizacional no \u00e2mbito do Minist\u00e9rio da Cultura"},"content":{"rendered":"<p>O Minist\u00e9rio da Cultura,  criado em 15.03.85, mediante Decreto  91.144\/1985, abrange ainda o Instituto do  Patrim\u00f4nio Hist\u00f3rico e  Art\u00edstico              Nacional (IPHAN), Instituto Brasileiro de  Museus (IBRAM),  Funda\u00e7\u00e3o Nacional de Artes (FUNARTE), Funda\u00e7\u00e3o Biblioteca  Nacional  (FBN),              Funda\u00e7\u00e3o Casa de Rui Barbosa (FCRB), Funda\u00e7\u00e3o Cultural  Palmares  (FCP), Ag\u00eancia Nacional do Cinema (ANCINE), integrados no  Sistema              MinC para  formula\u00e7\u00e3o, implanta\u00e7\u00e3o, fiscaliza\u00e7\u00e3o e execu\u00e7\u00e3o  de pol\u00edticas nas \u00e1reas              de preserva\u00e7\u00e3o do patrim\u00f4nio cultural, fomento e promo\u00e7\u00e3o  das artes no Brasil.<\/p>\n<p>Confira a \u00edntegra do diagn\u00f3stico\u00a0<a href=\"wp-content\/themes\/vertigo3_v3\/PDF\/diagnosticoCult2009.pdf\" target=\"_blank\"><strong>[AQUI]<\/strong><\/a><\/p>\n<p>Ainda, o Estudo T\u00e9cnico n\u00ba 22\/2009: Proposta de Tabela Salarial do Plano Especial de Cargos da Cultura (nova vers\u00e3o)<\/p>\n<p>Confira a tabela\u00a0<a href=\"wp-content\/themes\/vertigo3_v3\/PDF\/reuniaoGT_minc_mp.pdf\" target=\"_blank\"><strong>[AQUI]<\/strong><\/a><\/p>\n<p>E a Mem\u00f3ria da reuni\u00e3o do GT\/Cultura com MinC e MP \u2013 11.08.2009.<\/p>\n<p>Confira a mem\u00f3ria;<a href=\"wp-content\/themes\/vertigo3_v3\/PDF\/estudoTecnico.pdf\" target=\"_blank\"><strong>[AQUI]<\/strong><\/a><\/p>\n","protected":false},"excerpt":{"rendered":"<p>O Minist\u00e9rio da Cultura, criado em 15.03.85, mediante Decreto 91.144\/1985, abrange ainda o Instituto do Patrim\u00f4nio Hist\u00f3rico e Art\u00edstico Nacional (IPHAN), Instituto Brasileiro de Museus (IBRAM), Funda\u00e7\u00e3o Nacional de Artes (FUNARTE), Funda\u00e7\u00e3o Biblioteca Nacional (FBN), Funda\u00e7\u00e3o Casa de Rui Barbosa (FCRB), Funda\u00e7\u00e3o Cultural Palmares (FCP), Ag\u00eancia Nacional do Cinema (ANCINE), integrados no Sistema MinC para [&hellip;]<\/p>\n","protected":false},"author":1,"featured_media":0,"comment_status":"closed","ping_status":"closed","sticky":false,"template":"","format":"standard","meta":{"_bbp_topic_count":0,"_bbp_reply_count":0,"_bbp_total_topic_count":0,"_bbp_total_reply_count":0,"_bbp_voice_count":0,"_bbp_anonymous_reply_count":0,"_bbp_topic_count_hidden":0,"_bbp_reply_count_hidden":0,"_bbp_forum_subforum_count":0,"ngg_post_thumbnail":0,"_links_to":"","_links_to_target":""},"categories":[7],"tags":[],"_links":{"self":[{"href":"http:\/\/www.asphan.org.br\/index.php\/wp-json\/wp\/v2\/posts\/101"}],"collection":[{"href":"http:\/\/www.asphan.org.br\/index.php\/wp-json\/wp\/v2\/posts"}],"about":[{"href":"http:\/\/www.asphan.org.br\/index.php\/wp-json\/wp\/v2\/types\/post"}],"author":[{"embeddable":true,"href":"http:\/\/www.asphan.org.br\/index.php\/wp-json\/wp\/v2\/users\/1"}],"replies":[{"embeddable":true,"href":"http:\/\/www.asphan.org.br\/index.php\/wp-json\/wp\/v2\/comments?post=101"}],"version-history":[{"count":4,"href":"http:\/\/www.asphan.org.br\/index.php\/wp-json\/wp\/v2\/posts\/101\/revisions"}],"predecessor-version":[{"id":103,"href":"http:\/\/www.asphan.org.br\/index.php\/wp-json\/wp\/v2\/posts\/101\/revisions\/103"}],"wp:attachment":[{"href":"http:\/\/www.asphan.org.br\/index.php\/wp-json\/wp\/v2\/media?parent=101"}],"wp:term":[{"taxonomy":"category","embeddable":true,"href":"http:\/\/www.asphan.org.br\/index.php\/wp-json\/wp\/v2\/categories?post=101"},{"taxonomy":"post_tag","embeddable":true,"href":"http:\/\/www.asphan.org.br\/index.php\/wp-json\/wp\/v2\/tags?post=101"}],"curies":[{"name":"wp","href":"https:\/\/api.w.org\/{rel}","templated":true}]}}