{"id":1071,"date":"2015-11-25T14:30:49","date_gmt":"2015-11-25T14:30:49","guid":{"rendered":"http:\/\/www.asphan.org.br\/?p=1071"},"modified":"2015-11-25T14:30:49","modified_gmt":"2015-11-25T14:30:49","slug":"carta-aberta-do-colega-edson-miranda-iphan-ba","status":"publish","type":"post","link":"http:\/\/www.asphan.org.br\/index.php\/carta-aberta-do-colega-edson-miranda-iphan-ba","title":{"rendered":"Carta aberta do colega Edson Miranda (Iphan-BA)"},"content":{"rendered":"<p style=\"text-align: center;\"><strong>SINDICATO PRIVATIZADO<\/strong><\/p>\n<p>Nos pr\u00f3ximos 10 e 11 de dezembro haver\u00e1 elei\u00e7\u00e3o no SINTSEF\/BA. Mais uma vez, apenas uma chapa concorrer\u00e1. Rar\u00edssimas exce\u00e7\u00f5es, novamente as mesmas figuras de sempre.<\/p>\n<p>At\u00e9 tentei dialogar, visando compreender melhor &#8220;o buraco&#8221; onde nosso sindicato est\u00e1 metido e tentar ajudar. N\u00e3o querem! &#8220;Existe muita resist\u00eancia \u00e0 sua volta ao sindicato&#8221;, afirmaram. At\u00e9 parece que o SINTSEF est\u00e1 em condi\u00e7\u00f5es de desprezar ajuda.<\/p>\n<p>Mas, deixa quieto \u00e9 o modelo! O fundamental para analisar \u00e9 que o sindicato perdeu totalmente a capacidade de defender o Servi\u00e7o P\u00fablico e seus trabalhadores. E o certo \u00e9 que uma categoria desorganizada, com sidicato fraco ou sindicato jogando contra (pelego) est\u00e1 condenada a todos os fracassos presentes e futuros.<\/p>\n<p>Nossa acomoda\u00e7\u00e3o conduziu-nos a essa realidade. Deixamos de participar, fiscalizar e uma minoria se apropriou de algo que \u00e9 coletivo e p\u00fablico. Privatizaram.<\/p>\n<p>Penso, tamb\u00e9m, que o exemplo deve ser dado, principalmente, pelos dirigentes. Quem se prop\u00f5e a lutar contra injusti\u00e7as e transformar a realidade deve cotidianamente servir de refer\u00eancia, ir se instituindo como sujeito pol\u00edtico, \u00e9tnico e moral. O resto \u00e9 esperteza v\u00e3, conversa mole para boi dormir.<\/p>\n<p>Em qualquer lugar no Servi\u00e7o P\u00fablico que se anda hoje em dia, sempre tem algu\u00e9m a reclamar da degrada\u00e7\u00e3o dos \u00f3rg\u00e3os p\u00fablicos. Da falta de atua\u00e7\u00e3o t\u00e9cnica e pol\u00edtica dos dirigentes sindicais, a denunciar desvios s\u00e9rios no nosso sindicato.<\/p>\n<p>Os atuais dirigentes, muitos pais e m\u00e3es de fam\u00edlias, t\u00eam a obriga\u00e7\u00e3o de demonstrar que s\u00e3o dignos. A dignidade de algu\u00e9m que quer transformar o mundo \u00e9 seu principal patrim\u00f4nio. Deve estar sempre altiva.<\/p>\n<p>Para mostrar que est\u00e3o errados os que insinuam roubos, desvios, enriquecimento pessoal, a atual dire\u00e7\u00e3o deve constituir uma auditoria independente. Abrir as contas e os documentos. Quebrar a atual opacidade. \u00c9 a m\u00ednima rea\u00e7\u00e3o de pessoas, de fato, honradas e dignas. \u00c9 o m\u00ednimo para resgatar a importante confian\u00e7a dos filiados.<\/p>\n<p>Do nosso lado, da base, acredito que devemos dar um prazo para que tudo isso aconte\u00e7a. Do contr\u00e1rio, devemos anular nossos votos. Consultar o Minist\u00e9rio P\u00fablico para a possibilidade de uma interven\u00e7\u00e3o e buscar novas alternativas pol\u00edticas para garantir a luta por nossos direitos e dos nossos filhos.<\/p>\n<p>O que a\u00ed est\u00e1, t\u00e3o novo! Caducou muito r\u00e1pido. Apodreceu muito r\u00e1pido!<\/p>\n<p>Salvador, 15\/11\/2015 (Dia da Rep\u00fablica que tememos implantar) Edson Miranda &#8211; ex-diretor<\/p>\n","protected":false},"excerpt":{"rendered":"<p>SINDICATO PRIVATIZADO Nos pr\u00f3ximos 10 e 11 de dezembro haver\u00e1 elei\u00e7\u00e3o no SINTSEF\/BA. Mais uma vez, apenas uma chapa concorrer\u00e1. Rar\u00edssimas exce\u00e7\u00f5es, novamente as mesmas figuras de sempre. At\u00e9 tentei dialogar, visando compreender melhor &#8220;o buraco&#8221; onde nosso sindicato est\u00e1 metido e tentar ajudar. N\u00e3o querem! &#8220;Existe muita resist\u00eancia \u00e0 sua volta ao sindicato&#8221;, afirmaram. [&hellip;]<\/p>\n","protected":false},"author":3,"featured_media":0,"comment_status":"closed","ping_status":"closed","sticky":false,"template":"","format":"standard","meta":{"_bbp_topic_count":0,"_bbp_reply_count":0,"_bbp_total_topic_count":0,"_bbp_total_reply_count":0,"_bbp_voice_count":0,"_bbp_anonymous_reply_count":0,"_bbp_topic_count_hidden":0,"_bbp_reply_count_hidden":0,"_bbp_forum_subforum_count":0,"ngg_post_thumbnail":0,"_links_to":"","_links_to_target":""},"categories":[7,18],"tags":[],"_links":{"self":[{"href":"http:\/\/www.asphan.org.br\/index.php\/wp-json\/wp\/v2\/posts\/1071"}],"collection":[{"href":"http:\/\/www.asphan.org.br\/index.php\/wp-json\/wp\/v2\/posts"}],"about":[{"href":"http:\/\/www.asphan.org.br\/index.php\/wp-json\/wp\/v2\/types\/post"}],"author":[{"embeddable":true,"href":"http:\/\/www.asphan.org.br\/index.php\/wp-json\/wp\/v2\/users\/3"}],"replies":[{"embeddable":true,"href":"http:\/\/www.asphan.org.br\/index.php\/wp-json\/wp\/v2\/comments?post=1071"}],"version-history":[{"count":2,"href":"http:\/\/www.asphan.org.br\/index.php\/wp-json\/wp\/v2\/posts\/1071\/revisions"}],"predecessor-version":[{"id":1074,"href":"http:\/\/www.asphan.org.br\/index.php\/wp-json\/wp\/v2\/posts\/1071\/revisions\/1074"}],"wp:attachment":[{"href":"http:\/\/www.asphan.org.br\/index.php\/wp-json\/wp\/v2\/media?parent=1071"}],"wp:term":[{"taxonomy":"category","embeddable":true,"href":"http:\/\/www.asphan.org.br\/index.php\/wp-json\/wp\/v2\/categories?post=1071"},{"taxonomy":"post_tag","embeddable":true,"href":"http:\/\/www.asphan.org.br\/index.php\/wp-json\/wp\/v2\/tags?post=1071"}],"curies":[{"name":"wp","href":"https:\/\/api.w.org\/{rel}","templated":true}]}}