{"id":1075,"date":"2015-11-27T11:47:07","date_gmt":"2015-11-27T11:47:07","guid":{"rendered":"http:\/\/www.asphan.org.br\/?p=1075"},"modified":"2015-11-27T14:23:54","modified_gmt":"2015-11-27T14:23:54","slug":"jurema-machado-e-citada-em-audio-de-delcidio-amaral","status":"publish","type":"post","link":"http:\/\/www.asphan.org.br\/index.php\/jurema-machado-e-citada-em-audio-de-delcidio-amaral","title":{"rendered":"Jurema Machado \u00e9 citada em \u00e1udio de Delc\u00eddio Amaral"},"content":{"rendered":"<p>Os servidores da Cultura v\u00eam alertando sobre procedimentos pouco democr\u00e1ticos e transparentes no Minist\u00e9rio h\u00e1 tempos, n\u00e3o por acaso. Desde o governo PSDB at\u00e9 o PT, pol\u00edtica p\u00fablicas, programas e leis culturais continuam seguindo as mesmas concep\u00e7\u00f5es e operacionalidades arcaicas e autorit\u00e1rias, com poucos avan\u00e7os, principalmente no tocante a participa\u00e7\u00e3o dos servidores nos processos decis\u00f3rios e de controle interno das autarquias.<\/p>\n<p>Nesta semana, uma das provas usadas na pris\u00e3o de Delc\u00eddio Amaral, l\u00edder do governo Dilma, foi um \u00e1udio do senador, do advogado Edson Ribeiro e de Bernardo Cerver\u00f3. A grava\u00e7\u00e3o completa est\u00e1 dispon\u00edvel <strong><a href=\"http:\/\/www.clesio.net\/agora\/ouca-o-audio-que-fez-o-stf-mandar-prender-o-senador-delcidio-amaral\">neste link<\/a><\/strong>.<\/p>\n<p>Na conversa, a presidente do Iphan Jurema Machado \u00e9 citada (75&#8242;) e classificada, por Delc\u00eddio, como &#8220;competente&#8221;. No contexto, pode-se interpretar ser a mesma sujeita a aceitar interfer\u00eancias esp\u00farias nas decis\u00f5es t\u00e9cnicas proferidas em inst\u00e2ncias inferiores. Na mesma frase, os servidores da institui\u00e7\u00e3o s\u00e3o tidos como &#8220;enrolados&#8221;. Fatos desta gravidade levantam quest\u00f5es. \u00a0Por que o uso destes termos? No caso dos servidores, ser\u00e1 devido a se pautarem pela legalidade e pela defesa do interesse p\u00fablico na preserva\u00e7\u00e3o do patrim\u00f4nio cultural deste pa\u00eds? Ser\u00e1 por que os interlocutores sabem que a estrutura de fiscaliza\u00e7\u00e3o do Iphan est\u00e1 sucateada e incapaz de fazer frente \u00e0 especula\u00e7\u00e3o imobili\u00e1ria, nas \u00e1reas protegidas? Ou por que entendem que profissionais que se sujeitam a estes sal\u00e1rios s\u00e3o incompetentes e n\u00e3o idealistas? Ficam muitas quest\u00f5es e poucas respostas at\u00e9 o momento. Esperamos contundente aprofundamento das investiga\u00e7\u00f5es neste aspecto tamb\u00e9m. Creio caber formal manifesta\u00e7\u00e3o da Presid\u00eancia da casa sobre o assunto, de modo a n\u00e3o comprometer a imagem de uma institui\u00e7\u00e3o que, ao longo de sua trajet\u00f3ria, passou ao largo deste tipo de coisa, sendo considerada pela sociedade como institui\u00e7\u00e3o id\u00f4nea e s\u00e9ria.<\/p>\n<p>Parab\u00e9ns aos servidores do Iphan! Se estamos em um pa\u00eds no qual realizar a sua fun\u00e7\u00e3o de preservar o Patrim\u00f4nio \u00e9 ser taxado de &#8220;enrolado&#8221;, temos que comemorar. O que ainda resiste \u00e9 gra\u00e7as a n\u00f3s.<\/p>\n<p>Este \u00e9 o momento de intensa reflex\u00e3o sobre a necessidade de democratizar os procedimentos e fortalecer a institui\u00e7\u00e3o para que a mesma possa continuar a executar sua importante miss\u00e3o.<\/p>\n","protected":false},"excerpt":{"rendered":"<p>Os servidores da Cultura v\u00eam alertando sobre procedimentos pouco democr\u00e1ticos e transparentes no Minist\u00e9rio h\u00e1 tempos, n\u00e3o por acaso. Desde o governo PSDB at\u00e9 o PT, pol\u00edtica p\u00fablicas, programas e leis culturais continuam seguindo as mesmas concep\u00e7\u00f5es e operacionalidades arcaicas e autorit\u00e1rias, com poucos avan\u00e7os, principalmente no tocante a participa\u00e7\u00e3o dos servidores nos processos decis\u00f3rios [&hellip;]<\/p>\n","protected":false},"author":3,"featured_media":0,"comment_status":"closed","ping_status":"closed","sticky":false,"template":"","format":"standard","meta":{"_bbp_topic_count":0,"_bbp_reply_count":0,"_bbp_total_topic_count":0,"_bbp_total_reply_count":0,"_bbp_voice_count":0,"_bbp_anonymous_reply_count":0,"_bbp_topic_count_hidden":0,"_bbp_reply_count_hidden":0,"_bbp_forum_subforum_count":0,"ngg_post_thumbnail":0,"_links_to":"","_links_to_target":""},"categories":[7,18],"tags":[],"_links":{"self":[{"href":"http:\/\/www.asphan.org.br\/index.php\/wp-json\/wp\/v2\/posts\/1075"}],"collection":[{"href":"http:\/\/www.asphan.org.br\/index.php\/wp-json\/wp\/v2\/posts"}],"about":[{"href":"http:\/\/www.asphan.org.br\/index.php\/wp-json\/wp\/v2\/types\/post"}],"author":[{"embeddable":true,"href":"http:\/\/www.asphan.org.br\/index.php\/wp-json\/wp\/v2\/users\/3"}],"replies":[{"embeddable":true,"href":"http:\/\/www.asphan.org.br\/index.php\/wp-json\/wp\/v2\/comments?post=1075"}],"version-history":[{"count":4,"href":"http:\/\/www.asphan.org.br\/index.php\/wp-json\/wp\/v2\/posts\/1075\/revisions"}],"predecessor-version":[{"id":1079,"href":"http:\/\/www.asphan.org.br\/index.php\/wp-json\/wp\/v2\/posts\/1075\/revisions\/1079"}],"wp:attachment":[{"href":"http:\/\/www.asphan.org.br\/index.php\/wp-json\/wp\/v2\/media?parent=1075"}],"wp:term":[{"taxonomy":"category","embeddable":true,"href":"http:\/\/www.asphan.org.br\/index.php\/wp-json\/wp\/v2\/categories?post=1075"},{"taxonomy":"post_tag","embeddable":true,"href":"http:\/\/www.asphan.org.br\/index.php\/wp-json\/wp\/v2\/tags?post=1075"}],"curies":[{"name":"wp","href":"https:\/\/api.w.org\/{rel}","templated":true}]}}