{"id":1083,"date":"2015-12-03T09:00:48","date_gmt":"2015-12-03T09:00:48","guid":{"rendered":"http:\/\/www.asphan.org.br\/?p=1083"},"modified":"2015-12-03T00:35:45","modified_gmt":"2015-12-03T00:35:45","slug":"acordo-entre-governo-e-condsef-nao-representa-vontade-dos-servidores-da-cultura","status":"publish","type":"post","link":"http:\/\/www.asphan.org.br\/index.php\/acordo-entre-governo-e-condsef-nao-representa-vontade-dos-servidores-da-cultura","title":{"rendered":"Acordo entre governo e CONDSEF n\u00e3o representa vontade dos servidores da Cultura"},"content":{"rendered":"<p style=\"text-align: justify;\">Como j\u00e1 deve ser de conhecimento de grande parte dos servidores, a Confedera\u00e7\u00e3o dos Trabalhadores no Servi\u00e7o P\u00fablico Federal (CONDSEF) firmou acordo com o governo para reajuste de 10,8% em dois anos (ago\/2016 e jan\/2017), em nome de todos os trabalhadores do Minist\u00e9rio da Cultura.<\/p>\n<p style=\"text-align: justify;\">A ASPHAN vem a p\u00fablico manifestar seu posicionamento contr\u00e1rio ao acordo firmado pela CONDSEF, em flagrante desrespeito \u00e0 autonomia dos servidores da Cultura, que em assembleias anteriores j\u00e1 haviam decidido pela rejei\u00e7\u00e3o \u00e0 proposta do governo.<\/p>\n<p style=\"text-align: justify;\">Frisamos ainda que este encaminhamento, sem a presen\u00e7a de representantes das associa\u00e7\u00f5es que comp\u00f5em o F\u00f3rum da Cultura, configura-se claramente em um quadro de ruptura com a base e com o pr\u00f3prio F\u00f3rum por parte da CONDSEF. \u00c9 n\u00edtida a posi\u00e7\u00e3o adotada pela confedera\u00e7\u00e3o de assinar a todo custo o acordo com o governo, subordinando os servidores aos ditames insens\u00edveis do Minist\u00e9rio do Planejamento, Or\u00e7amento e Gest\u00e3o.<\/p>\n<p style=\"text-align: justify;\">A ASPHAN se compromete a buscar os meios jur\u00eddicos e de combate pol\u00edtico que estiverem ao nosso alcance como forma de reverter este processo, enquanto representante dos servidores do IPHAN. Mais uma vez, lamentamos este epis\u00f3dio de grande oportunismo protagonizado pela CONDSEF.<\/p>\n","protected":false},"excerpt":{"rendered":"<p>Como j\u00e1 deve ser de conhecimento de grande parte dos servidores, a Confedera\u00e7\u00e3o dos Trabalhadores no Servi\u00e7o P\u00fablico Federal (CONDSEF) firmou acordo com o governo para reajuste de 10,8% em dois anos (ago\/2016 e jan\/2017), em nome de todos os trabalhadores do Minist\u00e9rio da Cultura. A ASPHAN vem a p\u00fablico manifestar seu posicionamento contr\u00e1rio ao [&hellip;]<\/p>\n","protected":false},"author":3,"featured_media":0,"comment_status":"closed","ping_status":"closed","sticky":false,"template":"","format":"standard","meta":{"_bbp_topic_count":0,"_bbp_reply_count":0,"_bbp_total_topic_count":0,"_bbp_total_reply_count":0,"_bbp_voice_count":0,"_bbp_anonymous_reply_count":0,"_bbp_topic_count_hidden":0,"_bbp_reply_count_hidden":0,"_bbp_forum_subforum_count":0,"ngg_post_thumbnail":0,"_links_to":"","_links_to_target":""},"categories":[7,18],"tags":[],"_links":{"self":[{"href":"http:\/\/www.asphan.org.br\/index.php\/wp-json\/wp\/v2\/posts\/1083"}],"collection":[{"href":"http:\/\/www.asphan.org.br\/index.php\/wp-json\/wp\/v2\/posts"}],"about":[{"href":"http:\/\/www.asphan.org.br\/index.php\/wp-json\/wp\/v2\/types\/post"}],"author":[{"embeddable":true,"href":"http:\/\/www.asphan.org.br\/index.php\/wp-json\/wp\/v2\/users\/3"}],"replies":[{"embeddable":true,"href":"http:\/\/www.asphan.org.br\/index.php\/wp-json\/wp\/v2\/comments?post=1083"}],"version-history":[{"count":3,"href":"http:\/\/www.asphan.org.br\/index.php\/wp-json\/wp\/v2\/posts\/1083\/revisions"}],"predecessor-version":[{"id":1086,"href":"http:\/\/www.asphan.org.br\/index.php\/wp-json\/wp\/v2\/posts\/1083\/revisions\/1086"}],"wp:attachment":[{"href":"http:\/\/www.asphan.org.br\/index.php\/wp-json\/wp\/v2\/media?parent=1083"}],"wp:term":[{"taxonomy":"category","embeddable":true,"href":"http:\/\/www.asphan.org.br\/index.php\/wp-json\/wp\/v2\/categories?post=1083"},{"taxonomy":"post_tag","embeddable":true,"href":"http:\/\/www.asphan.org.br\/index.php\/wp-json\/wp\/v2\/tags?post=1083"}],"curies":[{"name":"wp","href":"https:\/\/api.w.org\/{rel}","templated":true}]}}