{"id":1088,"date":"2015-12-03T10:55:46","date_gmt":"2015-12-03T12:55:46","guid":{"rendered":"http:\/\/www.asphan.org.br\/?p=1088"},"modified":"2015-12-03T12:00:59","modified_gmt":"2015-12-03T14:00:59","slug":"liminar-impede-corte-do-gdac-em-aposentadoria-de-servidor","status":"publish","type":"post","link":"http:\/\/www.asphan.org.br\/index.php\/liminar-impede-corte-do-gdac-em-aposentadoria-de-servidor","title":{"rendered":"Liminar impede corte do GDAC em aposentadoria de servidor"},"content":{"rendered":"<p style=\"text-align: justify;\">Um servidor aposentado que entrou com um mandado de seguran\u00e7a contra o Iphan conseguiu o deferimento de uma liminar para impedir o corte da GDAC em sua aposentadoria. A a\u00e7\u00e3o foi impetrada com o aux\u00edlio da Asphan e do escrit\u00f3rio de advocacia Bento, Muniz e Monteiro. Embora trate-se de um caso individual, ele sinaliza uma posi\u00e7\u00e3o importante do judici\u00e1rio sobre a quest\u00e3o, criando jurisprud\u00eancia que pode vir a influenciar os processos de outros servidores.<\/p>\n<p>Leia <a href=\"http:\/\/www.asphan.org.br\/wp-content\/uploads\/2015\/12\/Decis\u00e3o-Geraldo-Victor-Cotta.pdf\" target=\"_blank\">aqui<\/a> a decis\u00e3o na \u00edntegra.<\/p>\n","protected":false},"excerpt":{"rendered":"<p>Um servidor aposentado que entrou com um mandado de seguran\u00e7a contra o Iphan conseguiu o deferimento de uma liminar para impedir o corte da GDAC em sua aposentadoria. A a\u00e7\u00e3o foi impetrada com o aux\u00edlio da Asphan e do escrit\u00f3rio de advocacia Bento, Muniz e Monteiro. Embora trate-se de um caso individual, ele sinaliza uma [&hellip;]<\/p>\n","protected":false},"author":3,"featured_media":0,"comment_status":"closed","ping_status":"closed","sticky":false,"template":"","format":"standard","meta":{"_bbp_topic_count":0,"_bbp_reply_count":0,"_bbp_total_topic_count":0,"_bbp_total_reply_count":0,"_bbp_voice_count":0,"_bbp_anonymous_reply_count":0,"_bbp_topic_count_hidden":0,"_bbp_reply_count_hidden":0,"_bbp_forum_subforum_count":0,"ngg_post_thumbnail":0,"_links_to":"","_links_to_target":""},"categories":[7,18],"tags":[],"_links":{"self":[{"href":"http:\/\/www.asphan.org.br\/index.php\/wp-json\/wp\/v2\/posts\/1088"}],"collection":[{"href":"http:\/\/www.asphan.org.br\/index.php\/wp-json\/wp\/v2\/posts"}],"about":[{"href":"http:\/\/www.asphan.org.br\/index.php\/wp-json\/wp\/v2\/types\/post"}],"author":[{"embeddable":true,"href":"http:\/\/www.asphan.org.br\/index.php\/wp-json\/wp\/v2\/users\/3"}],"replies":[{"embeddable":true,"href":"http:\/\/www.asphan.org.br\/index.php\/wp-json\/wp\/v2\/comments?post=1088"}],"version-history":[{"count":4,"href":"http:\/\/www.asphan.org.br\/index.php\/wp-json\/wp\/v2\/posts\/1088\/revisions"}],"predecessor-version":[{"id":1093,"href":"http:\/\/www.asphan.org.br\/index.php\/wp-json\/wp\/v2\/posts\/1088\/revisions\/1093"}],"wp:attachment":[{"href":"http:\/\/www.asphan.org.br\/index.php\/wp-json\/wp\/v2\/media?parent=1088"}],"wp:term":[{"taxonomy":"category","embeddable":true,"href":"http:\/\/www.asphan.org.br\/index.php\/wp-json\/wp\/v2\/categories?post=1088"},{"taxonomy":"post_tag","embeddable":true,"href":"http:\/\/www.asphan.org.br\/index.php\/wp-json\/wp\/v2\/tags?post=1088"}],"curies":[{"name":"wp","href":"https:\/\/api.w.org\/{rel}","templated":true}]}}