{"id":1097,"date":"2015-12-03T12:18:39","date_gmt":"2015-12-03T14:18:39","guid":{"rendered":"http:\/\/www.asphan.org.br\/?p=1097"},"modified":"2015-12-03T12:18:39","modified_gmt":"2015-12-03T14:18:39","slug":"modelo-de-minuta-para-cobranca-de-reconhecimento-das-atividades-de-arquitetos-e-engenheiros","status":"publish","type":"post","link":"http:\/\/www.asphan.org.br\/index.php\/modelo-de-minuta-para-cobranca-de-reconhecimento-das-atividades-de-arquitetos-e-engenheiros","title":{"rendered":"Modelo de minuta para cobran\u00e7a de reconhecimento das atividades de Arquitetos e Engenheiros"},"content":{"rendered":"<p>Prezados colegas Arquitetos e Engenheiros,<\/p>\n<p>Ap\u00f3s v\u00e1rias discuss\u00f5es com colegas de minha unidade e de outras, que atuam na \u00e1rea de arquitetura e engenharia, percebe-se um claro descontentamento com o prolongamento da aus\u00eancia de resposta com rela\u00e7\u00e3o ao pleito da categoria, referente ao reconhecimento formal de nossas atividades nestas \u00e1reas. Assim, fui solicitado a apresentar um modelo de resposta elaborado pelo advogado da ASPHAN, de modo a subsidiar aqueles que entendem chegada a hora de pressionar pelo justo reconhecimento de nossas atribui\u00e7\u00f5es.<\/p>\n<p>Trata-se de texto elaborado pelo Dr. Eduardo Muniz, pelo qual ficam resguardadas as condi\u00e7\u00f5es para que nossa a\u00e7\u00e3o jur\u00eddica siga sem contratempos. Ademais, mant\u00e9m o servidor dentro da legalidade, visto estarmos em nosso direito de solicitarmos informa\u00e7\u00f5es claras sobre como somos reconhecidos pela autarquia, para prosseguirmos com nossos trabalhos. Pequenos ajustes no teor do documento podem ser realizados para se adequar a realidade de cada localidade. Contudo, deve ser feito com prud\u00eancia para n\u00e3o desvirtuar o mesmo.<\/p>\n<p>Voc\u00ea pode baixar o documento <a href=\"http:\/\/www.asphan.org.br\/wp-content\/uploads\/2015\/12\/Minuta.doc\" target=\"_blank\">aqui<\/a>.<\/p>\n<p>Esclare\u00e7o que, a partir desta data, a maioria dos profissionais da \u00e1rea de engenharia e arquitetura da unidade do IPHAN em Minas estar\u00e1 instruindo os procedimentos relativos \u00e0 atribui\u00e7\u00e3o colocada em suspei\u00e7\u00e3o pelo parecer da AGU.<\/p>\n<p>Sauda\u00e7\u00f5es a todos,<\/p>\n<p>Leonardo Barreto<br \/>\nPresidente da Asphan<\/p>\n","protected":false},"excerpt":{"rendered":"<p>Prezados colegas Arquitetos e Engenheiros, Ap\u00f3s v\u00e1rias discuss\u00f5es com colegas de minha unidade e de outras, que atuam na \u00e1rea de arquitetura e engenharia, percebe-se um claro descontentamento com o prolongamento da aus\u00eancia de resposta com rela\u00e7\u00e3o ao pleito da categoria, referente ao reconhecimento formal de nossas atividades nestas \u00e1reas. Assim, fui solicitado a apresentar [&hellip;]<\/p>\n","protected":false},"author":3,"featured_media":0,"comment_status":"closed","ping_status":"closed","sticky":false,"template":"","format":"standard","meta":{"_bbp_topic_count":0,"_bbp_reply_count":0,"_bbp_total_topic_count":0,"_bbp_total_reply_count":0,"_bbp_voice_count":0,"_bbp_anonymous_reply_count":0,"_bbp_topic_count_hidden":0,"_bbp_reply_count_hidden":0,"_bbp_forum_subforum_count":0,"ngg_post_thumbnail":0,"_links_to":"","_links_to_target":""},"categories":[7],"tags":[],"_links":{"self":[{"href":"http:\/\/www.asphan.org.br\/index.php\/wp-json\/wp\/v2\/posts\/1097"}],"collection":[{"href":"http:\/\/www.asphan.org.br\/index.php\/wp-json\/wp\/v2\/posts"}],"about":[{"href":"http:\/\/www.asphan.org.br\/index.php\/wp-json\/wp\/v2\/types\/post"}],"author":[{"embeddable":true,"href":"http:\/\/www.asphan.org.br\/index.php\/wp-json\/wp\/v2\/users\/3"}],"replies":[{"embeddable":true,"href":"http:\/\/www.asphan.org.br\/index.php\/wp-json\/wp\/v2\/comments?post=1097"}],"version-history":[{"count":2,"href":"http:\/\/www.asphan.org.br\/index.php\/wp-json\/wp\/v2\/posts\/1097\/revisions"}],"predecessor-version":[{"id":1099,"href":"http:\/\/www.asphan.org.br\/index.php\/wp-json\/wp\/v2\/posts\/1097\/revisions\/1099"}],"wp:attachment":[{"href":"http:\/\/www.asphan.org.br\/index.php\/wp-json\/wp\/v2\/media?parent=1097"}],"wp:term":[{"taxonomy":"category","embeddable":true,"href":"http:\/\/www.asphan.org.br\/index.php\/wp-json\/wp\/v2\/categories?post=1097"},{"taxonomy":"post_tag","embeddable":true,"href":"http:\/\/www.asphan.org.br\/index.php\/wp-json\/wp\/v2\/tags?post=1097"}],"curies":[{"name":"wp","href":"https:\/\/api.w.org\/{rel}","templated":true}]}}