{"id":1101,"date":"2015-12-04T10:18:04","date_gmt":"2015-12-04T12:18:04","guid":{"rendered":"http:\/\/www.asphan.org.br\/?p=1101"},"modified":"2015-12-04T10:18:04","modified_gmt":"2015-12-04T12:18:04","slug":"resposta-a-nota-de-apoio-a-presidencia-do-iphan","status":"publish","type":"post","link":"http:\/\/www.asphan.org.br\/index.php\/resposta-a-nota-de-apoio-a-presidencia-do-iphan","title":{"rendered":"Resposta \u00e0 nota de apoio \u00e0 presid\u00eancia do Iphan"},"content":{"rendered":"<p>Ap\u00f3s ler nota de apoio \u00e0 Presid\u00eancia do IPHAN na qual sou citado, n\u00e3o poderia deixar de me manifestar e de apresentar algumas pondera\u00e7\u00f5es sobre ela.<\/p>\n<p>Em primeiro lugar, chama minha aten\u00e7\u00e3o a tentativa de invers\u00e3o da quest\u00e3o, transformando aquele que, por dever de of\u00edcio, necessita prestar contas ao p\u00fablico, em v\u00edtima de coment\u00e1rios maliciosos. Vitimiza\u00e7\u00e3o que, por sinal, n\u00e3o combina com o perfil en\u00e9rgico da sra. presidente. A fala transcrita \u00e9 do senador Delc\u00eddio, n\u00e3o do presidente da ASPHAN. Evidentemente, pelo n\u00edvel dos servidores que se manifestaram, n\u00e3o se trata de dificuldade de interpreta\u00e7\u00e3o de texto, pois pela simples leitura de minha nota se verifica que n\u00e3o s\u00e3o emitidos ju\u00edzos de valor sobre a conduta da presidente, s\u00e3o solicitados esclarecimentos relativos aos fatos narrados na referida conversa. Ali\u00e1s, tenho inclusive d\u00favidas se todos leram na \u00edntegra ou somente o que foi extra\u00eddo pelo Jornal Globo e que dramatiza as considera\u00e7\u00f5es contidas no site. A altera\u00e7\u00e3o da inten\u00e7\u00e3o da nota no site da ASPHAN se configura num ato pol\u00edtico, ou melhor, em atos pol\u00edticos, pois foram v\u00e1rios os atores. Creio, ainda, estarmos numa democracia, onde todos podem se manifestar e, em particular, demandar que um agente p\u00fablico preste informa\u00e7\u00f5es. Salvo engano, nenhuma autoridade p\u00fablica est\u00e1 acima da lei.<\/p>\n<p>Considero mais alarmante \u00e9 a tentativa, esta sim impr\u00f3pria, de desqualificar o presidente da ASPHAN, como n\u00e3o tendo legitimidade para emitir manifesta\u00e7\u00f5es sobre temas de interesse dos servidores. Acaso teria que fazer plebiscito sobre cada decis\u00e3o? Ademais, os textos n\u00e3o s\u00e3o ap\u00f3crifos, s\u00e3o assinados por mim e de minha inteira responsabilidade. Verifico com satisfa\u00e7\u00e3o que a presidente tem a confian\u00e7a dos seus DAS, e isto \u00e9 \u00f3timo para a autarquia, at\u00e9 porque, em caso contr\u00e1rio, teriam que os colocar \u00e0 disposi\u00e7\u00e3o.<\/p>\n<p>Mas este n\u00e3o \u00e9 o cerne da quest\u00e3o, o que est\u00e1 em jogo \u00e9 a credibilidade de uma institui\u00e7\u00e3o que desenvolve importante trabalho de fiscaliza\u00e7\u00e3o e que deve transpirar lisura em seus atos. Assim, fomos motivados em fun\u00e7\u00e3o da excessiva demora em ocorrer manifesta\u00e7\u00e3o de rep\u00fadio, por parte da Presid\u00eancia da autarquia, \u00e0s falas do senador, que num contexto de pr\u00e1tica de il\u00edcito, levam aos ouvintes que n\u00e3o a conhecem, nem privam de sua amizade, a fazerem ila\u00e7\u00f5es naturais, num pa\u00eds como o Brasil de hoje.<\/p>\n<p>As explica\u00e7\u00f5es apresentadas pela presidente s\u00e3o aceit\u00e1veis, embora pessoalmente preferisse que fossem mais t\u00e9cnicas e detalhadas, de modo a serem apresentadas ao p\u00fablico em geral de forma cabal. Infelizmente, os atrasos nos procedimentos internos da institui\u00e7\u00e3o n\u00e3o a tornam eficaz no tocante \u00e0 transpar\u00eancia. Por exemplo, em muitos \u00f3rg\u00e3os da administra\u00e7\u00e3o p\u00fablica as agendas dos presidentes e altos gestores encontram-se \u00e0 disposi\u00e7\u00e3o na internet e esclarecem sobre os participantes das reuni\u00f5es e acerca do tema tratado. Poderiam neste caso facilitar tudo.<\/p>\n<p>Enfim, apura\u00e7\u00f5es e presta\u00e7\u00f5es de conta sobre o ocorrido n\u00e3o s\u00e3o da al\u00e7ada desta Associa\u00e7\u00e3o, cabendo aos \u00f3rg\u00e3os de controle e fiscaliza\u00e7\u00e3o do Estado. Entendo muito oportuno que, finalizados estes trabalhos, eles sejam amplamente divulgados. Quanto aos associados que livremente se manifestaram em contr\u00e1rio aos procedimentos adotados pela ASPHAN, os convido a participarem mais ativamente dos processos eleitorais e a buscarem alternativas de gest\u00e3o mais pr\u00f3ximas do seu perfil. Aos demais, com todo o respeito que merecem, n\u00e3o posso estender esta manifesta\u00e7\u00e3o, visto n\u00e3o fazerem parte do quadro associativo. Entendi sua inser\u00e7\u00e3o em correspond\u00eancia dirigida \u00e0 ASPHAN pouco razo\u00e1vel, pelo simples fato de que formalmente n\u00e3o os represento, mas compreendo a solidariedade prestada.<\/p>\n<p>Com rela\u00e7\u00e3o ao pedido de retrata\u00e7\u00e3o, entendo pouco pertinente, visto que este ato seria cab\u00edvel caso tivesse havido, de minha parte, ofensa \u00e0 honra ou \u00e0 dignidade da presidente; como j\u00e1 expresso, n\u00e3o emiti ju\u00edzo de valor, ao contr\u00e1rio, apelei para manifesta\u00e7\u00e3o formal da mesma, com sua defesa se contrapondo \u00e0s palavras do senador Delcidio que a cita. Considera\u00e7\u00f5es a respeito da efici\u00eancia administrativa das gest\u00f5es ao longo do tempo, com todo respeito, n\u00e3o se configuram ofensa pessoal. As perguntas deixadas por mim no texto se referem basicamente ao papel dos servidores, desta forma n\u00e3o entendi tamanho constrangimento.<\/p>\n<p>Aproveitando espa\u00e7o, registro que estranhei profundamente o tom da nota enviada pelos diretores, que qualifico de grosseiro, e tamb\u00e9m sem base legal, ao questionar a legitimidade do presidente da ASPHAN, fato que considero grave e que atenta contra os direitos dos trabalhadores conseguidos em duras lutas pela classe. Pela origem partid\u00e1ria dos referidos diretores, muito me decepcionou.<\/p>\n<p>Chamo a aten\u00e7\u00e3o de todos que o momento grave pelo qual passamos na institui\u00e7\u00e3o decorre do sucateamento das nossas estruturas e quadros t\u00e9cnicos. Nossos interesses reais s\u00e3o o Plano de Carreira, a implanta\u00e7\u00e3o da Lei 12.277 e melhores condi\u00e7\u00f5es de trabalho, assuntos sistematicamente esquecidos pelo governo, sendo promessas repetidas sem efetiva\u00e7\u00e3o. Gastar energia em defesa de quest\u00f5es menores ou de interesse pessoal somente ter\u00e1 como resultado deixar marcas e sequelas nos relacionamentos pessoais, sendo de dif\u00edcil cicatriza\u00e7\u00e3o.<\/p>\n<p>Leonardo Barreto<\/p>\n<p>Presidente da ASPHAN<\/p>\n","protected":false},"excerpt":{"rendered":"<p>Ap\u00f3s ler nota de apoio \u00e0 Presid\u00eancia do IPHAN na qual sou citado, n\u00e3o poderia deixar de me manifestar e de apresentar algumas pondera\u00e7\u00f5es sobre ela. Em primeiro lugar, chama minha aten\u00e7\u00e3o a tentativa de invers\u00e3o da quest\u00e3o, transformando aquele que, por dever de of\u00edcio, necessita prestar contas ao p\u00fablico, em v\u00edtima de coment\u00e1rios maliciosos. [&hellip;]<\/p>\n","protected":false},"author":3,"featured_media":0,"comment_status":"closed","ping_status":"closed","sticky":false,"template":"","format":"standard","meta":{"_bbp_topic_count":0,"_bbp_reply_count":0,"_bbp_total_topic_count":0,"_bbp_total_reply_count":0,"_bbp_voice_count":0,"_bbp_anonymous_reply_count":0,"_bbp_topic_count_hidden":0,"_bbp_reply_count_hidden":0,"_bbp_forum_subforum_count":0,"ngg_post_thumbnail":0,"_links_to":"","_links_to_target":""},"categories":[7,18],"tags":[],"_links":{"self":[{"href":"http:\/\/www.asphan.org.br\/index.php\/wp-json\/wp\/v2\/posts\/1101"}],"collection":[{"href":"http:\/\/www.asphan.org.br\/index.php\/wp-json\/wp\/v2\/posts"}],"about":[{"href":"http:\/\/www.asphan.org.br\/index.php\/wp-json\/wp\/v2\/types\/post"}],"author":[{"embeddable":true,"href":"http:\/\/www.asphan.org.br\/index.php\/wp-json\/wp\/v2\/users\/3"}],"replies":[{"embeddable":true,"href":"http:\/\/www.asphan.org.br\/index.php\/wp-json\/wp\/v2\/comments?post=1101"}],"version-history":[{"count":2,"href":"http:\/\/www.asphan.org.br\/index.php\/wp-json\/wp\/v2\/posts\/1101\/revisions"}],"predecessor-version":[{"id":1103,"href":"http:\/\/www.asphan.org.br\/index.php\/wp-json\/wp\/v2\/posts\/1101\/revisions\/1103"}],"wp:attachment":[{"href":"http:\/\/www.asphan.org.br\/index.php\/wp-json\/wp\/v2\/media?parent=1101"}],"wp:term":[{"taxonomy":"category","embeddable":true,"href":"http:\/\/www.asphan.org.br\/index.php\/wp-json\/wp\/v2\/categories?post=1101"},{"taxonomy":"post_tag","embeddable":true,"href":"http:\/\/www.asphan.org.br\/index.php\/wp-json\/wp\/v2\/tags?post=1101"}],"curies":[{"name":"wp","href":"https:\/\/api.w.org\/{rel}","templated":true}]}}