{"id":1105,"date":"2015-12-07T12:31:20","date_gmt":"2015-12-07T14:31:20","guid":{"rendered":"http:\/\/www.asphan.org.br\/?p=1105"},"modified":"2016-03-09T23:59:45","modified_gmt":"2016-03-10T02:59:45","slug":"peticao-de-acesso-ao-plano-de-carreira-do-iphan","status":"publish","type":"post","link":"http:\/\/www.asphan.org.br\/index.php\/peticao-de-acesso-ao-plano-de-carreira-do-iphan","title":{"rendered":"Peti\u00e7\u00e3o de acesso ao Plano de Carreira do Iphan"},"content":{"rendered":"<p>Caros Colegas,<\/p>\n<p>Tendo em vista que o Plano de Carreira desenvolvido para os servidores Iphan, objeto de contrata\u00e7\u00e3o espec\u00edfica da autarquia e, portanto, realizada com dinheiro p\u00fablico, n\u00e3o foi disponibilizado ao coletivo, negando ao conjunto dos servidores o acesso a seu conte\u00fado, a Asphan entendeu que, lamentavelmente, era necess\u00e1ria uma a\u00e7\u00e3o judicial para garantir aos servidores seu leg\u00edtimo direito de conhecer o documento, ap\u00f3s anos de sua elabora\u00e7\u00e3o.<\/p>\n<p>Assim, a assessoria jur\u00eddica da associa\u00e7\u00e3o ingressou, em novembro deste ano, com Mandado de Seguran\u00e7a requerendo o acesso ao referido Plano. A\u00a0Uni\u00e3o recebeu recentemente o prazo de 72 horas para manifesta\u00e7\u00e3o, de maneira que, provavelmente ainda nesta semana, haver\u00e1 uma senten\u00e7a relativa ao assunto.<\/p>\n<p>Espero que obtenhamos sucesso, visto ser assunto de alto interesse para associados e n\u00e3o associados e por acreditar no direito de amplo acesso ao Plano, para que este possa ser debatido pela categoria. A a\u00e7\u00e3o est\u00e1 registrada sob o n\u00famero 1008984-48.2015.4.01.3400, na 6\u00ba Vara Federal.<\/p>\n<p>&nbsp;<\/p>\n<p>Leia a <strong><a href=\"http:\/\/www.asphan.org.br\/wp-content\/uploads\/2015\/12\/Minuta-Inicial-MS-ASPHAn-Lei-de-acesso-%C3%A0-informa%C3%A7%C3%A3o-.pdf\">minuta inicial<\/a><\/strong> do processo.<\/p>\n<p>&nbsp;<\/p>\n<p>Cordialmente,<\/p>\n<p>Leonardo Barreto<br \/>\nAsphan<\/p>\n","protected":false},"excerpt":{"rendered":"<p>Caros Colegas, Tendo em vista que o Plano de Carreira desenvolvido para os servidores Iphan, objeto de contrata\u00e7\u00e3o espec\u00edfica da autarquia e, portanto, realizada com dinheiro p\u00fablico, n\u00e3o foi disponibilizado ao coletivo, negando ao conjunto dos servidores o acesso a seu conte\u00fado, a Asphan entendeu que, lamentavelmente, era necess\u00e1ria uma a\u00e7\u00e3o judicial para garantir aos [&hellip;]<\/p>\n","protected":false},"author":3,"featured_media":0,"comment_status":"closed","ping_status":"closed","sticky":false,"template":"","format":"standard","meta":{"_bbp_topic_count":0,"_bbp_reply_count":0,"_bbp_total_topic_count":0,"_bbp_total_reply_count":0,"_bbp_voice_count":0,"_bbp_anonymous_reply_count":0,"_bbp_topic_count_hidden":0,"_bbp_reply_count_hidden":0,"_bbp_forum_subforum_count":0,"ngg_post_thumbnail":0,"_links_to":"","_links_to_target":""},"categories":[21,17,7,18],"tags":[],"_links":{"self":[{"href":"http:\/\/www.asphan.org.br\/index.php\/wp-json\/wp\/v2\/posts\/1105"}],"collection":[{"href":"http:\/\/www.asphan.org.br\/index.php\/wp-json\/wp\/v2\/posts"}],"about":[{"href":"http:\/\/www.asphan.org.br\/index.php\/wp-json\/wp\/v2\/types\/post"}],"author":[{"embeddable":true,"href":"http:\/\/www.asphan.org.br\/index.php\/wp-json\/wp\/v2\/users\/3"}],"replies":[{"embeddable":true,"href":"http:\/\/www.asphan.org.br\/index.php\/wp-json\/wp\/v2\/comments?post=1105"}],"version-history":[{"count":4,"href":"http:\/\/www.asphan.org.br\/index.php\/wp-json\/wp\/v2\/posts\/1105\/revisions"}],"predecessor-version":[{"id":1107,"href":"http:\/\/www.asphan.org.br\/index.php\/wp-json\/wp\/v2\/posts\/1105\/revisions\/1107"}],"wp:attachment":[{"href":"http:\/\/www.asphan.org.br\/index.php\/wp-json\/wp\/v2\/media?parent=1105"}],"wp:term":[{"taxonomy":"category","embeddable":true,"href":"http:\/\/www.asphan.org.br\/index.php\/wp-json\/wp\/v2\/categories?post=1105"},{"taxonomy":"post_tag","embeddable":true,"href":"http:\/\/www.asphan.org.br\/index.php\/wp-json\/wp\/v2\/tags?post=1105"}],"curies":[{"name":"wp","href":"https:\/\/api.w.org\/{rel}","templated":true}]}}