{"id":1146,"date":"2016-03-09T18:07:46","date_gmt":"2016-03-09T21:07:46","guid":{"rendered":"http:\/\/www.asphan.org.br\/?p=1146"},"modified":"2016-03-09T18:09:08","modified_gmt":"2016-03-09T21:09:08","slug":"avaliacao-da-direcao-da-asphan-sobre-nova-proposta-da-amil","status":"publish","type":"post","link":"http:\/\/www.asphan.org.br\/index.php\/avaliacao-da-direcao-da-asphan-sobre-nova-proposta-da-amil","title":{"rendered":"Avalia\u00e7\u00e3o da dire\u00e7\u00e3o da ASPHAN sobre nova proposta da AMIL"},"content":{"rendered":"<p style=\"text-align: justify;\"><span style=\"font-size: medium;\">Como parte do processo de negocia\u00e7\u00e3o de prorroga\u00e7\u00e3o do contrato da AMIL junto ao IPHAN, a operadora de Plano de Sa\u00fade enviou \u00e0 diretoria da institui\u00e7\u00e3o um material contendo informa\u00e7\u00f5es gerenciais da empresa. <\/span><span style=\"font-size: medium;\"><br \/>\n<\/span><span style=\"font-size: medium;\"><br \/>\n<\/span><span style=\"font-size: medium;\">De posse deste material e ap\u00f3s avalia\u00e7\u00e3o minuciosa, a dire\u00e7\u00e3o da ASPHAN, atrav\u00e9s de seu presidente Leonardo Barreto, redigiu uma resposta \u00e0 AMIL, que voc\u00ea confere na \u00edntegra atrav\u00e9s deste link: <\/span><span style=\"font-size: medium;\"><a href=\"http:\/\/migre.me\/tbzOE\" target=\"_blank\">http:\/\/migre.me\/tbzOE<\/a><br \/>\n<\/span><span style=\"font-size: medium;\"><br \/>\n<\/span><span style=\"font-size: medium;\">Aos servidores que queiram ter acesso ao material enviado pela AMIL, este pode ser solicitado ao Departamento de Planejamento e Administra\u00e7\u00e3o do IPHAN, que recebeu o documento.<\/span><\/p>\n","protected":false},"excerpt":{"rendered":"<p>Como parte do processo de negocia\u00e7\u00e3o de prorroga\u00e7\u00e3o do contrato da AMIL junto ao IPHAN, a operadora de Plano de Sa\u00fade enviou \u00e0 diretoria da institui\u00e7\u00e3o um material contendo informa\u00e7\u00f5es gerenciais da empresa. De posse deste material e ap\u00f3s avalia\u00e7\u00e3o minuciosa, a dire\u00e7\u00e3o da ASPHAN, atrav\u00e9s de seu presidente Leonardo Barreto, redigiu uma resposta \u00e0 [&hellip;]<\/p>\n","protected":false},"author":3,"featured_media":0,"comment_status":"closed","ping_status":"closed","sticky":false,"template":"","format":"standard","meta":{"_bbp_topic_count":0,"_bbp_reply_count":0,"_bbp_total_topic_count":0,"_bbp_total_reply_count":0,"_bbp_voice_count":0,"_bbp_anonymous_reply_count":0,"_bbp_topic_count_hidden":0,"_bbp_reply_count_hidden":0,"_bbp_forum_subforum_count":0,"ngg_post_thumbnail":0,"_links_to":"","_links_to_target":""},"categories":[7],"tags":[],"_links":{"self":[{"href":"http:\/\/www.asphan.org.br\/index.php\/wp-json\/wp\/v2\/posts\/1146"}],"collection":[{"href":"http:\/\/www.asphan.org.br\/index.php\/wp-json\/wp\/v2\/posts"}],"about":[{"href":"http:\/\/www.asphan.org.br\/index.php\/wp-json\/wp\/v2\/types\/post"}],"author":[{"embeddable":true,"href":"http:\/\/www.asphan.org.br\/index.php\/wp-json\/wp\/v2\/users\/3"}],"replies":[{"embeddable":true,"href":"http:\/\/www.asphan.org.br\/index.php\/wp-json\/wp\/v2\/comments?post=1146"}],"version-history":[{"count":2,"href":"http:\/\/www.asphan.org.br\/index.php\/wp-json\/wp\/v2\/posts\/1146\/revisions"}],"predecessor-version":[{"id":1148,"href":"http:\/\/www.asphan.org.br\/index.php\/wp-json\/wp\/v2\/posts\/1146\/revisions\/1148"}],"wp:attachment":[{"href":"http:\/\/www.asphan.org.br\/index.php\/wp-json\/wp\/v2\/media?parent=1146"}],"wp:term":[{"taxonomy":"category","embeddable":true,"href":"http:\/\/www.asphan.org.br\/index.php\/wp-json\/wp\/v2\/categories?post=1146"},{"taxonomy":"post_tag","embeddable":true,"href":"http:\/\/www.asphan.org.br\/index.php\/wp-json\/wp\/v2\/tags?post=1146"}],"curies":[{"name":"wp","href":"https:\/\/api.w.org\/{rel}","templated":true}]}}