{"id":120,"date":"2011-06-09T19:41:10","date_gmt":"2011-06-09T19:41:10","guid":{"rendered":"http:\/\/compartilhar.com.br\/asphan\/?p=120"},"modified":"2011-06-09T19:41:10","modified_gmt":"2011-06-09T19:41:10","slug":"comunicado-07-02-2011","status":"publish","type":"post","link":"http:\/\/www.asphan.org.br\/index.php\/comunicado-07-02-2011","title":{"rendered":"COMUNICADO 07 \/ 02 \/ 2011"},"content":{"rendered":"<h4>SITUA\u00c7\u00c3O DO PROCESSO n\u00ba 1122\/1990 \u00ad DISS\u00cdDIO COLETIVO<\/h4>\n<p>Caros Colegas<\/p>\n<p>Ap\u00f3s o per\u00edodo de recesso do Judici\u00e1rio, e com o in\u00edcio das  atividades nas varas              federais, o referido processo voltou a tramitar, conforme  registra o sistema de acompanhamento e consulta processual.             N\u00e3o se deve entender, pela falta de not\u00edcias, que o processo  esteja parado, pois continua a tramitar,              com nosso acompanhamento constante.<\/p>\n<p>Hoje, o processo ainda se encontra no Iphan, aos cuidados da AGU\/Procuradoria Regional Federal, juntamente              com seus anexos (fichas financeiras) para manifesta\u00e7\u00e3o sobre os novos c\u00e1lculos do perito.              Al\u00e9m desta manifesta\u00e7\u00e3o, solicitada pela ju\u00edza, o Iphan\/AGU dever\u00e1 informar              sobre a exist\u00eancia de servidores que j\u00e1 tenham recebido as diferen\u00e7as salariais originadas              de a\u00e7\u00f5es com o mesmo objeto (para verificar, por exemplo, se o processo n\u00e3o inclui              algum servidor de Pernambuco, onde todas as diferen\u00e7as j\u00e1 foram pagas).<\/p>\n<p>Sabemos que o Iphan solicitou prorroga\u00e7\u00e3o de prazo, na semana passada, motivo que nos levou              a consultar nossa advogada. Conversamos sobre esse assunto hoje, dia 07 de fevereiro, com a Dra. Cl\u00e1udia              Duranti, que afirmou que tais prorroga\u00e7\u00f5es n\u00e3o tem sido deferidas pela Ju\u00edza do caso.              Assim, esperamos que o processo siga o tr\u00e2mite esperado: depois de devolvido pelo Iphan, o processo ir\u00e1              para a Uni\u00e3o Federal\/Procuradoria Regional da Uni\u00e3o, que ir\u00e1 se manifestar, em 30 dias,              sobre os novos c\u00e1lculos do perito e sobre as peti\u00e7\u00f5es feitas pelo Minist\u00e9rio P\u00fablico              do Trabalho (MPT) e Iphan, bem como as peti\u00e7\u00f5es da Asphan.<\/p>\n<p>Depois deste movimento, o MPT dever\u00e1 receber, da AGU, toda a documenta\u00e7o tamb\u00e9m para              manifesta\u00e7\u00e3o, por um prazo de 30 dias, findo o qual a representa\u00e7\u00e3o da Asphan ter\u00e1              prazo id\u00eantico para manifesta\u00e7\u00e3o, ao que o processo voltar\u00e1 \u00e0 Vara Federal              de origem (20\u00aa VF). Estimamos que, no final de mar\u00e7o\/in\u00edcio de abril, o processo esteja a nosso dispor              para esta manifesta\u00e7\u00e3o, quando esperamos realizar uma assembl\u00e9ia geral para que nossa              advogada exponha aos associados e demais servidores inclu\u00eddos no processo a situa\u00e7\u00e3o atualizada.<\/p>\n<p style=\"text-align: right;\"><strong><em>Zulmira Pope<br \/>\nPresidente da ASPHAN<\/em><\/strong><\/p>\n<p style=\"text-align: right;\">Rua da Imprensa, 16\/1011 &#8211; Centro &#8211; CEP-20030-120 &#8211; Rio de Janeiro\/RJ<br \/>\nTelefax (21) 2283-6008; Tel. (21) 2283-8111<br \/>\ne-mail: <a href=\"mailto:asphandn@superig.com.br\">asphandn@superig.com.br<\/a><br \/>\nsite: <a href=\"http:\/\/www.asphan.org.br\" target=\"_blank\">www.asphan.org.br<\/a><\/p>\n","protected":false},"excerpt":{"rendered":"<p>SITUA\u00c7\u00c3O DO PROCESSO n\u00ba 1122\/1990 \u00ad DISS\u00cdDIO COLETIVO Caros Colegas Ap\u00f3s o per\u00edodo de recesso do Judici\u00e1rio, e com o in\u00edcio das atividades nas varas federais, o referido processo voltou a tramitar, conforme registra o sistema de acompanhamento e consulta processual. N\u00e3o se deve entender, pela falta de not\u00edcias, que o processo esteja parado, pois [&hellip;]<\/p>\n","protected":false},"author":1,"featured_media":0,"comment_status":"closed","ping_status":"closed","sticky":false,"template":"","format":"standard","meta":{"_bbp_topic_count":0,"_bbp_reply_count":0,"_bbp_total_topic_count":0,"_bbp_total_reply_count":0,"_bbp_voice_count":0,"_bbp_anonymous_reply_count":0,"_bbp_topic_count_hidden":0,"_bbp_reply_count_hidden":0,"_bbp_forum_subforum_count":0,"ngg_post_thumbnail":0,"_links_to":"","_links_to_target":""},"categories":[7],"tags":[],"_links":{"self":[{"href":"http:\/\/www.asphan.org.br\/index.php\/wp-json\/wp\/v2\/posts\/120"}],"collection":[{"href":"http:\/\/www.asphan.org.br\/index.php\/wp-json\/wp\/v2\/posts"}],"about":[{"href":"http:\/\/www.asphan.org.br\/index.php\/wp-json\/wp\/v2\/types\/post"}],"author":[{"embeddable":true,"href":"http:\/\/www.asphan.org.br\/index.php\/wp-json\/wp\/v2\/users\/1"}],"replies":[{"embeddable":true,"href":"http:\/\/www.asphan.org.br\/index.php\/wp-json\/wp\/v2\/comments?post=120"}],"version-history":[{"count":1,"href":"http:\/\/www.asphan.org.br\/index.php\/wp-json\/wp\/v2\/posts\/120\/revisions"}],"predecessor-version":[{"id":121,"href":"http:\/\/www.asphan.org.br\/index.php\/wp-json\/wp\/v2\/posts\/120\/revisions\/121"}],"wp:attachment":[{"href":"http:\/\/www.asphan.org.br\/index.php\/wp-json\/wp\/v2\/media?parent=120"}],"wp:term":[{"taxonomy":"category","embeddable":true,"href":"http:\/\/www.asphan.org.br\/index.php\/wp-json\/wp\/v2\/categories?post=120"},{"taxonomy":"post_tag","embeddable":true,"href":"http:\/\/www.asphan.org.br\/index.php\/wp-json\/wp\/v2\/tags?post=120"}],"curies":[{"name":"wp","href":"https:\/\/api.w.org\/{rel}","templated":true}]}}