{"id":1221,"date":"2016-03-13T20:24:01","date_gmt":"2016-03-13T23:24:01","guid":{"rendered":"http:\/\/www.asphan.org.br\/?p=1221"},"modified":"2021-05-06T11:54:36","modified_gmt":"2021-05-06T14:54:36","slug":"voce-aqui-envie-o-seu-conteudo","status":"publish","type":"post","link":"http:\/\/www.asphan.org.br\/index.php\/voce-aqui-envie-o-seu-conteudo","title":{"rendered":"Voc\u00ea Aqui: envie o seu conte\u00fado!"},"content":{"rendered":"<p style=\"text-align: justify;\">Que tal ter o seu trabalho divulgado pela <strong>ASPHAN<\/strong>?<\/p>\n<p style=\"text-align: justify;\">A <strong>ASPHAN<\/strong> traz mais uma surpresa para os servidores. Agora, em nosso site, temos uma se\u00e7\u00e3o dedicada exclusivamente \u00e0 voc\u00ea: a se\u00e7\u00e3o VOC\u00ca AQUI reunir\u00e1 fotografias e artigos produzidos por nossos associados.<\/p>\n<p style=\"text-align: justify;\">Voc\u00ea pode enviar fotos do Patrim\u00f4nio Cultural Brasileiro ou da sua rotina de trabalho no Iphan, artigos t\u00e9cnicos\/acad\u00eamicos da sua \u00e1rea de atua\u00e7\u00e3o profissional ou ainda textos opinativos sobre temas de interesse dos demais associados.<\/p>\n<p style=\"text-align: justify;\">Caso queira ter o seu trabalho publicado no site, no <strong><a href=\"https:\/\/www.facebook.com\/asphan.oficial\">Facebook<\/a><\/strong> e no perfil do <strong><a href=\"https:\/\/www.instagram.com\/asphan.oficial\/\">Instagram<\/a><\/strong> da <strong>ASPHAN<\/strong>, envie o seu conte\u00fado para comunicacao.asphan@gmail.com. N\u00e3o se esque\u00e7a de nos informar seu nome, cidade e uma pequena descri\u00e7\u00e3o da foto ou do texto enviado, para que possamos dar os devidos cr\u00e9ditos.<\/p>\n","protected":false},"excerpt":{"rendered":"<p>Que tal ter o seu trabalho divulgado pela ASPHAN? A ASPHAN traz mais uma surpresa para os servidores. Agora, em nosso site, temos uma se\u00e7\u00e3o dedicada exclusivamente \u00e0 voc\u00ea: a se\u00e7\u00e3o VOC\u00ca AQUI reunir\u00e1 fotografias e artigos produzidos por nossos associados. Voc\u00ea pode enviar fotos do Patrim\u00f4nio Cultural Brasileiro ou da sua rotina de trabalho [&hellip;]<\/p>\n","protected":false},"author":3,"featured_media":0,"comment_status":"closed","ping_status":"closed","sticky":false,"template":"","format":"standard","meta":{"_bbp_topic_count":0,"_bbp_reply_count":0,"_bbp_total_topic_count":0,"_bbp_total_reply_count":0,"_bbp_voice_count":0,"_bbp_anonymous_reply_count":0,"_bbp_topic_count_hidden":0,"_bbp_reply_count_hidden":0,"_bbp_forum_subforum_count":0,"ngg_post_thumbnail":0,"_links_to":"","_links_to_target":""},"categories":[20],"tags":[],"_links":{"self":[{"href":"http:\/\/www.asphan.org.br\/index.php\/wp-json\/wp\/v2\/posts\/1221"}],"collection":[{"href":"http:\/\/www.asphan.org.br\/index.php\/wp-json\/wp\/v2\/posts"}],"about":[{"href":"http:\/\/www.asphan.org.br\/index.php\/wp-json\/wp\/v2\/types\/post"}],"author":[{"embeddable":true,"href":"http:\/\/www.asphan.org.br\/index.php\/wp-json\/wp\/v2\/users\/3"}],"replies":[{"embeddable":true,"href":"http:\/\/www.asphan.org.br\/index.php\/wp-json\/wp\/v2\/comments?post=1221"}],"version-history":[{"count":4,"href":"http:\/\/www.asphan.org.br\/index.php\/wp-json\/wp\/v2\/posts\/1221\/revisions"}],"predecessor-version":[{"id":1224,"href":"http:\/\/www.asphan.org.br\/index.php\/wp-json\/wp\/v2\/posts\/1221\/revisions\/1224"}],"wp:attachment":[{"href":"http:\/\/www.asphan.org.br\/index.php\/wp-json\/wp\/v2\/media?parent=1221"}],"wp:term":[{"taxonomy":"category","embeddable":true,"href":"http:\/\/www.asphan.org.br\/index.php\/wp-json\/wp\/v2\/categories?post=1221"},{"taxonomy":"post_tag","embeddable":true,"href":"http:\/\/www.asphan.org.br\/index.php\/wp-json\/wp\/v2\/tags?post=1221"}],"curies":[{"name":"wp","href":"https:\/\/api.w.org\/{rel}","templated":true}]}}