{"id":1242,"date":"2016-04-18T09:40:41","date_gmt":"2016-04-18T12:40:41","guid":{"rendered":"http:\/\/www.asphan.org.br\/?p=1242"},"modified":"2016-04-18T09:40:41","modified_gmt":"2016-04-18T12:40:41","slug":"manifestacao-da-presidencia-asphan-encontro-nacional-de-cultura-abril2016","status":"publish","type":"post","link":"http:\/\/www.asphan.org.br\/index.php\/manifestacao-da-presidencia-asphan-encontro-nacional-de-cultura-abril2016","title":{"rendered":"Manifesta\u00e7\u00e3o da Presid\u00eancia ASPHAN \u2013 Encontro Nacional de Cultura (Abril\/2016)"},"content":{"rendered":"<p>Caros colegas,<\/p>\n<p>&nbsp;<\/p>\n<p>Tendo as associa\u00e7\u00f5es de servidores da cultura recebido convite para participar de Encontro Nacional da Cultura, promovido pela CONDSEF, a ser realizado em Bras\u00edlia no dia 26\/04\/2016, refleti alguns dias sobre a oportunidade de representar a ASPHAN, no evento. Ap\u00f3s participar de reuni\u00e3o do comit\u00ea de base da cultura do Rio de Janeiro, no dia 14\/04\/2016, onde expus as considera\u00e7\u00f5es que apresento abaixo, e estas, tiveram concord\u00e2ncia dos presentes, resolvi divulgar o posicionamento, compartilhado pela Diretoria da ASPHAN, atrav\u00e9s de nota p\u00fablica.<\/p>\n<p>Entendo, que mais uma vez, a CONDSEF, n\u00e3o cumpre com o m\u00ednimo de razoabilidade, os ritos e encaminhamentos adequados, necess\u00e1rios a boa pratica democr\u00e1tica. Sem d\u00favida, o grave momento pelo qual passa a na\u00e7\u00e3o requer reflex\u00f5es e a participa\u00e7\u00e3o dos servidores p\u00fablicos da cultura. Por isto mesmo tinha a esperan\u00e7a que procedimentos autorit\u00e1rios e centralizadores, j\u00e1 por demais condenados, e que tem sistematicamente afastado o conjunto de servidores da atua\u00e7\u00e3o sindical, fossem humildemente revistos pela CONDSEF. Por\u00e9m, como no presente caso, continuam a ser lamentavelmente adotadas.<\/p>\n<p>Quais seriam as a\u00e7\u00f5es corretas em meu ponto de vista, para unir a categoria neste momento, e permitir a realiza\u00e7\u00e3o de atividade realmente produtiva e de interesse da classe. Em primeiro lugar, enviar comunicado \u00e0s bases informando da inten\u00e7\u00e3o de realizar Encontro Nacional da Cultura, solicitando que as mesmas discutissem sua pertin\u00eancia. Diga-se de passagem que, h\u00e1 anos, v\u00e1rias vezes se solicitou tal evento encontrando pouco interesse da CONDSEF. Seguindo, no caso de concord\u00e2ncia com a realiza\u00e7\u00e3o do evento, no momento atual, requerer a categoria as pautas de interesse a serem abordadas. Ao inv\u00e9s disto, fomos surpreendidos com uma pauta absolutamente vaga, excluindo itens certamente importantes ao coletivo dos servidores.<\/p>\n<p>Este tipo de conduta deve ser veementemente contestada, pois vai no sentido contr\u00e1rio ao que de mais b\u00e1sico, pode existir em rela\u00e7\u00e3o a democratiza\u00e7\u00e3o e transpar\u00eancia de uma associa\u00e7\u00e3o sindical. N\u00e3o se trata de formalidade \u00e9 ess\u00eancia.<\/p>\n<p>Deste modo entendemos que <strong>n\u00e3o dever\u00edamos comparecer<\/strong>, como forma de suscitar a reflex\u00e3o dos respons\u00e1veis dentro da CONDSEF pela a\u00e7\u00e3o, bem como levar os colegas da Cultura a se manifestarem a respeito.<\/p>\n<p>Al\u00e9m deste grav\u00edssimo fato, posso acrescentar que uma pauta t\u00e3o vaga, levanta suspeitas sobre as reais inten\u00e7\u00f5es do Encontro, e quais decis\u00f5es poderiam ser \u201cvotadas\u201d \u00e0 revelia da massa de servidores, num eventual apagar das luzes do governo. Mais adequado, creio, n\u00e3o estar presente, eventualmente questionando juridicamente quaisquer atos.<\/p>\n<p>Especificamente com rela\u00e7\u00e3o ao t\u00f3pico GPCOT, em fun\u00e7\u00e3o de enormes decep\u00e7\u00f5es com decis\u00f5es unilaterais da CONDSEF, a Dire\u00e7\u00e3o da ASPHAN, prefere manter sua autonomia na participa\u00e7\u00e3o no citado grupo, evitando qualquer tipo de tutela ou compromisso.<\/p>\n<p>Finalizando, cumpre registrar o profundo estranhamento, com rela\u00e7\u00e3o a n\u00e3o constarem entre os t\u00f3picos a serem discutidos a inviabiliza\u00e7\u00e3o do acordo assinado com o governo, j\u00e1 que o mesmo sequer foi votado no Congresso e ao mesmo tempo apresentado o PL 257\/2016, que sem sombra de d\u00favida tem itens que se confrontam com o \u201cacordo\u201d.<\/p>\n<p>Desejo sabedoria, bom senso e cautela aos que comparecerem ao ENCONTRO NACIONAL DA CULTURA.<\/p>\n","protected":false},"excerpt":{"rendered":"<p>Caros colegas, &nbsp; Tendo as associa\u00e7\u00f5es de servidores da cultura recebido convite para participar de Encontro Nacional da Cultura, promovido pela CONDSEF, a ser realizado em Bras\u00edlia no dia 26\/04\/2016, refleti alguns dias sobre a oportunidade de representar a ASPHAN, no evento. Ap\u00f3s participar de reuni\u00e3o do comit\u00ea de base da cultura do Rio de [&hellip;]<\/p>\n","protected":false},"author":3,"featured_media":0,"comment_status":"closed","ping_status":"closed","sticky":false,"template":"","format":"standard","meta":{"_bbp_topic_count":0,"_bbp_reply_count":0,"_bbp_total_topic_count":0,"_bbp_total_reply_count":0,"_bbp_voice_count":0,"_bbp_anonymous_reply_count":0,"_bbp_topic_count_hidden":0,"_bbp_reply_count_hidden":0,"_bbp_forum_subforum_count":0,"ngg_post_thumbnail":0,"_links_to":"","_links_to_target":""},"categories":[7,18],"tags":[],"_links":{"self":[{"href":"http:\/\/www.asphan.org.br\/index.php\/wp-json\/wp\/v2\/posts\/1242"}],"collection":[{"href":"http:\/\/www.asphan.org.br\/index.php\/wp-json\/wp\/v2\/posts"}],"about":[{"href":"http:\/\/www.asphan.org.br\/index.php\/wp-json\/wp\/v2\/types\/post"}],"author":[{"embeddable":true,"href":"http:\/\/www.asphan.org.br\/index.php\/wp-json\/wp\/v2\/users\/3"}],"replies":[{"embeddable":true,"href":"http:\/\/www.asphan.org.br\/index.php\/wp-json\/wp\/v2\/comments?post=1242"}],"version-history":[{"count":2,"href":"http:\/\/www.asphan.org.br\/index.php\/wp-json\/wp\/v2\/posts\/1242\/revisions"}],"predecessor-version":[{"id":1244,"href":"http:\/\/www.asphan.org.br\/index.php\/wp-json\/wp\/v2\/posts\/1242\/revisions\/1244"}],"wp:attachment":[{"href":"http:\/\/www.asphan.org.br\/index.php\/wp-json\/wp\/v2\/media?parent=1242"}],"wp:term":[{"taxonomy":"category","embeddable":true,"href":"http:\/\/www.asphan.org.br\/index.php\/wp-json\/wp\/v2\/categories?post=1242"},{"taxonomy":"post_tag","embeddable":true,"href":"http:\/\/www.asphan.org.br\/index.php\/wp-json\/wp\/v2\/tags?post=1242"}],"curies":[{"name":"wp","href":"https:\/\/api.w.org\/{rel}","templated":true}]}}