{"id":1249,"date":"2016-04-29T10:21:59","date_gmt":"2016-04-29T13:21:59","guid":{"rendered":"http:\/\/www.asphan.org.br\/?p=1249"},"modified":"2016-04-29T13:06:12","modified_gmt":"2016-04-29T16:06:12","slug":"e-o-acordo-da-condsef","status":"publish","type":"post","link":"http:\/\/www.asphan.org.br\/index.php\/e-o-acordo-da-condsef","title":{"rendered":"E o acordo da CONDSEF&#8230;"},"content":{"rendered":"<p>Apesar de todos termos informa\u00e7\u00f5es sobre a prec\u00e1ria situa\u00e7\u00e3o do acordo firmado pela CONDSEF, em nome dos servidores da cultura, com o Minist\u00e9rio do Planejamento, esperei pacientemente at\u00e9 que ocorresse a reuni\u00e3o do GPCOT. Isto, porque l\u00e1 estariam presentes, al\u00e9m de representantes do Minist\u00e9rio da Cultura, tamb\u00e9m representantes da CONDSEF e das associa\u00e7\u00f5es de servidores, de maneira que pudesse, de p\u00fablico, obter respostas \u00e0s perguntas \u00f3bvias que nos v\u00eam \u00e0 mente neste momento e que n\u00e3o s\u00e3o respondidas pelas inst\u00e2ncias governamentais, tampouco sindicais.<\/p>\n<p>Pois bem. Todos sabem, visto terem sido amplamente divulgadas, as posi\u00e7\u00f5es\u00a0da <strong>ASPHAN<\/strong> e de significativo n\u00famero de servidores da Cultura, com rela\u00e7\u00e3o\u00a0a este acordo \u2013 imposto de modo a\u00e7odado, sem combatividade, sem observar os ritos formais, etc. Um desastre, caso cumprido. Ali\u00e1s, deve-se registrar, antes mesmo de serem votadas pelos servidores, as \u201cpromessas\u201d feitas aos \u201ccr\u00e9dulos\u201d da CONDSEF j\u00e1 eram quebradas numa velocidade recorde.<\/p>\n<p>Digamos que certo segmento dos servidores tenha sido convencido ou pelo \u201cterror\u201d, atrav\u00e9s da premissa defendida pelos nossos \u201crepresentantes sindicais\u201d &#8211; antes migalha, que coisa alguma &#8211; de que n\u00e3o dever\u00edamos lutar, j\u00e1 que de nada adiantaria. Ou, talvez, pelo ar fraternal de nosso ministro que fez o \u201cposs\u00edvel\u201d. Creio que, em nome da dec\u00eancia, pelo menos estes colegas que acreditam que ir\u00e3o receber reajuste em agosto e que ter\u00e3o a GDAC incorporada a partir de 2017, deveriam ser informados informa\u00e7\u00f5es a respeito, certo? Errado. Nem um pio, uma manifesta\u00e7\u00e3o, um alerta, nem da CONDSEF, nem do MinC.<\/p>\n<p>Voltando \u00e0 reuni\u00e3o do GPCOT, fui direto ao ponto e indaguei ao Secret\u00e1rio Geral da CONDSEF quais as reais chances de que os servidores vejam o acordo assinado ser cumprido, visto que o mesmo n\u00e3o tramitou no Congresso, etapa fundamental a sua valida\u00e7\u00e3o. Entre tristonho e consternado, ele reconheceu que s\u00e3o m\u00ednimas as chances deste acordo ser cumprido por este governo, que, ao que tudo indica, encerra sua gest\u00e3o nos primeiros dias de maio.\u00a0Da parte do governo (MinC), a mesma avalia\u00e7\u00e3o realista da situa\u00e7\u00e3o. Deste modo, solicitei que ambos, Confedera\u00e7\u00e3o e governo, reconhecessem de p\u00fablico a prec\u00e1ria possibilidade de que tal acordo seja efetivado (coisa que n\u00e3o nos surpreende) e, pelo menos, alertassem aos servidores sobre tanto.<\/p>\n<p>Lembro quando, no final do ano passado, em reuni\u00e3o na sede do IPHAN, em Bras\u00edlia, transmitida em videoconfer\u00eancia, acompanhado do respons\u00e1vel pelo RH do MinC, sr. Gilton, o Ministro, com certo ufanismo (que inclusive n\u00e3o compreendemos, visto os valores financeiros rid\u00edculos envolvidos), anunciou a assinatura do acordo. Acredito que a honradez de princ\u00edpios, a transpar\u00eancia de atos administrativos, o decoro do cargo p\u00fablico e o respeito aos servidores da Cultura determinem uma manifesta\u00e7\u00e3o do MinC sobre o tema. Desnecess\u00e1rio dizer que, da CONDSEF, espera-se o mesmo.<\/p>\n<p>A <strong>ASPHAN<\/strong> n\u00e3o poderia se eximir a alertar ao servidor e lamentar todo este processo, tanto pela condu\u00e7\u00e3o, como pelo desfecho.<\/p>\n<p>Sinceramente, tendo em vista a situa\u00e7\u00e3o prec\u00e1ria dos servidores da Cultura, torci para que estiv\u00e9ssemos equivocados quando criticamos a condu\u00e7\u00e3o das negocia\u00e7\u00f5es, por\u00e9m, lamentavelmente est\u00e1vamos certos.<\/p>\n<p>&nbsp;<\/p>\n<p>Leonardo Barreto,<br \/>\n<strong>ASPHAN<\/strong><\/p>\n","protected":false},"excerpt":{"rendered":"<p>Apesar de todos termos informa\u00e7\u00f5es sobre a prec\u00e1ria situa\u00e7\u00e3o do acordo firmado pela CONDSEF, em nome dos servidores da cultura, com o Minist\u00e9rio do Planejamento, esperei pacientemente at\u00e9 que ocorresse a reuni\u00e3o do GPCOT. Isto, porque l\u00e1 estariam presentes, al\u00e9m de representantes do Minist\u00e9rio da Cultura, tamb\u00e9m representantes da CONDSEF e das associa\u00e7\u00f5es de servidores, [&hellip;]<\/p>\n","protected":false},"author":3,"featured_media":0,"comment_status":"closed","ping_status":"closed","sticky":false,"template":"","format":"standard","meta":{"_bbp_topic_count":0,"_bbp_reply_count":0,"_bbp_total_topic_count":0,"_bbp_total_reply_count":0,"_bbp_voice_count":0,"_bbp_anonymous_reply_count":0,"_bbp_topic_count_hidden":0,"_bbp_reply_count_hidden":0,"_bbp_forum_subforum_count":0,"ngg_post_thumbnail":0,"_links_to":"","_links_to_target":""},"categories":[7,18],"tags":[],"_links":{"self":[{"href":"http:\/\/www.asphan.org.br\/index.php\/wp-json\/wp\/v2\/posts\/1249"}],"collection":[{"href":"http:\/\/www.asphan.org.br\/index.php\/wp-json\/wp\/v2\/posts"}],"about":[{"href":"http:\/\/www.asphan.org.br\/index.php\/wp-json\/wp\/v2\/types\/post"}],"author":[{"embeddable":true,"href":"http:\/\/www.asphan.org.br\/index.php\/wp-json\/wp\/v2\/users\/3"}],"replies":[{"embeddable":true,"href":"http:\/\/www.asphan.org.br\/index.php\/wp-json\/wp\/v2\/comments?post=1249"}],"version-history":[{"count":5,"href":"http:\/\/www.asphan.org.br\/index.php\/wp-json\/wp\/v2\/posts\/1249\/revisions"}],"predecessor-version":[{"id":1255,"href":"http:\/\/www.asphan.org.br\/index.php\/wp-json\/wp\/v2\/posts\/1249\/revisions\/1255"}],"wp:attachment":[{"href":"http:\/\/www.asphan.org.br\/index.php\/wp-json\/wp\/v2\/media?parent=1249"}],"wp:term":[{"taxonomy":"category","embeddable":true,"href":"http:\/\/www.asphan.org.br\/index.php\/wp-json\/wp\/v2\/categories?post=1249"},{"taxonomy":"post_tag","embeddable":true,"href":"http:\/\/www.asphan.org.br\/index.php\/wp-json\/wp\/v2\/tags?post=1249"}],"curies":[{"name":"wp","href":"https:\/\/api.w.org\/{rel}","templated":true}]}}