{"id":1272,"date":"2016-05-23T10:12:23","date_gmt":"2016-05-23T13:12:23","guid":{"rendered":"http:\/\/www.asphan.org.br\/?p=1272"},"modified":"2016-05-23T10:14:52","modified_gmt":"2016-05-23T13:14:52","slug":"economistas-geografos-e-estatisticos-do-iphan-podem-entrar-com-acao-relativa-a-lei-12-27710","status":"publish","type":"post","link":"http:\/\/www.asphan.org.br\/index.php\/economistas-geografos-e-estatisticos-do-iphan-podem-entrar-com-acao-relativa-a-lei-12-27710","title":{"rendered":"Economistas, ge\u00f3grafos e estat\u00edsticos do Iphan podem entrar com a\u00e7\u00e3o relativa \u00e0 Lei 12.277\/10"},"content":{"rendered":"<p>A ASPHAN e o escrit\u00f3rio de advocacia Bento Muniz, respons\u00e1vel por in\u00fameras\u00a0a\u00e7\u00f5es relativas \u00e0 Lei 12.277\/10, est\u00e3o confiantes com as \u00faltimas vit\u00f3rias dos\u00a0servidores do Iphan nos processos em quest\u00e3o encaminhados \u00e0 Justi\u00e7a.<\/p>\n<p>Por conta disso, e da parceria firmada com nossa associa\u00e7\u00e3o, estar\u00e1 atendendo tamb\u00e9m aos <strong>economistas, ge\u00f3grafos e estat\u00edsticos associados da ASPHAN<\/strong>\u00a0que ainda n\u00e3o entraram com processo pertinente, <span style=\"text-decoration: underline;\">sem cobrar pelos\u00a0honor\u00e1rios iniciais<\/span>. Cabe esclarecer que essas categorias tamb\u00e9m s\u00e3o abrangidas pela Lei 12.277.<\/p>\n<p>Aqueles que t\u00eam interesse em contatar nosso advogado para pleitear o recebimento da gratifica\u00e7\u00e3o, favor enviar um e-mail para\u00a0contato@asphan.org.br.<\/p>\n<p>Atenciosamente,<br \/>\nDiretoria Asphan<\/p>\n","protected":false},"excerpt":{"rendered":"<p>A ASPHAN e o escrit\u00f3rio de advocacia Bento Muniz, respons\u00e1vel por in\u00fameras\u00a0a\u00e7\u00f5es relativas \u00e0 Lei 12.277\/10, est\u00e3o confiantes com as \u00faltimas vit\u00f3rias dos\u00a0servidores do Iphan nos processos em quest\u00e3o encaminhados \u00e0 Justi\u00e7a. Por conta disso, e da parceria firmada com nossa associa\u00e7\u00e3o, estar\u00e1 atendendo tamb\u00e9m aos economistas, ge\u00f3grafos e estat\u00edsticos associados da ASPHAN\u00a0que ainda n\u00e3o [&hellip;]<\/p>\n","protected":false},"author":3,"featured_media":0,"comment_status":"closed","ping_status":"closed","sticky":false,"template":"","format":"standard","meta":{"_bbp_topic_count":0,"_bbp_reply_count":0,"_bbp_total_topic_count":0,"_bbp_total_reply_count":0,"_bbp_voice_count":0,"_bbp_anonymous_reply_count":0,"_bbp_topic_count_hidden":0,"_bbp_reply_count_hidden":0,"_bbp_forum_subforum_count":0,"ngg_post_thumbnail":0,"_links_to":"","_links_to_target":""},"categories":[17,7,18],"tags":[],"_links":{"self":[{"href":"http:\/\/www.asphan.org.br\/index.php\/wp-json\/wp\/v2\/posts\/1272"}],"collection":[{"href":"http:\/\/www.asphan.org.br\/index.php\/wp-json\/wp\/v2\/posts"}],"about":[{"href":"http:\/\/www.asphan.org.br\/index.php\/wp-json\/wp\/v2\/types\/post"}],"author":[{"embeddable":true,"href":"http:\/\/www.asphan.org.br\/index.php\/wp-json\/wp\/v2\/users\/3"}],"replies":[{"embeddable":true,"href":"http:\/\/www.asphan.org.br\/index.php\/wp-json\/wp\/v2\/comments?post=1272"}],"version-history":[{"count":3,"href":"http:\/\/www.asphan.org.br\/index.php\/wp-json\/wp\/v2\/posts\/1272\/revisions"}],"predecessor-version":[{"id":1274,"href":"http:\/\/www.asphan.org.br\/index.php\/wp-json\/wp\/v2\/posts\/1272\/revisions\/1274"}],"wp:attachment":[{"href":"http:\/\/www.asphan.org.br\/index.php\/wp-json\/wp\/v2\/media?parent=1272"}],"wp:term":[{"taxonomy":"category","embeddable":true,"href":"http:\/\/www.asphan.org.br\/index.php\/wp-json\/wp\/v2\/categories?post=1272"},{"taxonomy":"post_tag","embeddable":true,"href":"http:\/\/www.asphan.org.br\/index.php\/wp-json\/wp\/v2\/tags?post=1272"}],"curies":[{"name":"wp","href":"https:\/\/api.w.org\/{rel}","templated":true}]}}