{"id":1277,"date":"2016-05-24T10:04:00","date_gmt":"2016-05-24T13:04:00","guid":{"rendered":"http:\/\/www.asphan.org.br\/?p=1277"},"modified":"2016-05-24T10:05:14","modified_gmt":"2016-05-24T13:05:14","slug":"nota-sobre-o-dissidio-coletivo-de-89","status":"publish","type":"post","link":"http:\/\/www.asphan.org.br\/index.php\/nota-sobre-o-dissidio-coletivo-de-89","title":{"rendered":"Nota sobre o Diss\u00eddio Coletivo de 89"},"content":{"rendered":"<p>Caros Colegas,<\/p>\n<p>Seguem para conhecimento as \u00faltimas not\u00edcias referentes \u00e0 a\u00e7\u00e3o do Diss\u00eddio Coletivo. Apesar do recolhimento dos recursos destinados ao pagamento da elabora\u00e7\u00e3o dos c\u00e1lculos de atualiza\u00e7\u00e3o determinados pela Justi\u00e7a n\u00e3o ter atingido o valor necess\u00e1rio, a <strong>ASPHAN<\/strong> honrou o compromisso com o perito designado pela ju\u00edza, imediatamente ap\u00f3s o mesmo ter terminado os servi\u00e7os.<\/p>\n<p>Esclarecemos, ademais, que o perito n\u00e3o p\u00f4de iniciar os trabalhos at\u00e9 o m\u00eas de mar\u00e7o, devido \u00e0 indefini\u00e7\u00e3o de \u00edndices de corre\u00e7\u00e3o a serem utilizados na realiza\u00e7\u00e3o dos c\u00e1lculos. Deste modo, entendemos que a Associa\u00e7\u00e3o cumpriu absolutamente dentro do cronograma, todas as a\u00e7\u00f5es que poderiam ser feitas para n\u00e3o causar nenhum atraso no andamento do processo.<\/p>\n<p>Finda esta etapa, com a publica\u00e7\u00e3o da manifesta\u00e7\u00e3o pela Ju\u00edza sobre caso, a qual disponibilizamos <strong><a href=\"http:\/\/www.asphan.org.br\/wp-content\/uploads\/2016\/05\/despacho-maio-2016-calculos.pdf\">neste link<\/a><\/strong>, solicitamos a advogada do processo que elaborasse nota sobre o desenvolvimento da a\u00e7\u00e3o e a inserimos logo abaixo.<\/p>\n<p>A dire\u00e7\u00e3o da <strong>ASPHAN<\/strong> entende que talvez seja necess\u00e1ria reuni\u00e3o com os servidores envolvidos nesta a\u00e7\u00e3o, a ser agendada para o m\u00eas de junho, de forma a que possamos deliberar sobre os pr\u00f3ximos passos a serem dados, ouvindo o conjunto dos servidores.<\/p>\n<p>Atenciosamente,<\/p>\n<p>Dire\u00e7\u00e3o ASPHAN<\/p>\n<p>&nbsp;<\/p>\n<p>&nbsp;<\/p>\n<p>&#8220;Com rela\u00e7\u00e3o ao processo 1122\/90 tenho a informar que voltou do contador com o c\u00e1lculo final para efeito de precat\u00f3rio, que foi homologado pela Ju\u00edza da 20\u00aa Vara. Segue seu envio para a procuradoria do Iphan e depois para a Uni\u00e3o Federal, finalmente para n\u00f3s. Todos devem ter ci\u00eancia e vista e, se quiserem, impugnar. Com a concord\u00e2ncia de todos, o processo se tornar\u00e1 precat\u00f3rio e ingressar\u00e1 no or\u00e7amento da Uni\u00e3o, tudo dentro deste ano, ainda.<\/p>\n<p>Manteremos os integrantes da a\u00e7\u00e3o informados, t\u00e3o logo haja manifesta\u00e7\u00e3o da Uni\u00e3o e do Iphan.&#8221;<\/p>\n<p>Claudia Duranti<\/p>\n<p>Advogada<\/p>\n","protected":false},"excerpt":{"rendered":"<p>Caros Colegas, Seguem para conhecimento as \u00faltimas not\u00edcias referentes \u00e0 a\u00e7\u00e3o do Diss\u00eddio Coletivo. Apesar do recolhimento dos recursos destinados ao pagamento da elabora\u00e7\u00e3o dos c\u00e1lculos de atualiza\u00e7\u00e3o determinados pela Justi\u00e7a n\u00e3o ter atingido o valor necess\u00e1rio, a ASPHAN honrou o compromisso com o perito designado pela ju\u00edza, imediatamente ap\u00f3s o mesmo ter terminado os [&hellip;]<\/p>\n","protected":false},"author":3,"featured_media":0,"comment_status":"closed","ping_status":"closed","sticky":false,"template":"","format":"standard","meta":{"_bbp_topic_count":0,"_bbp_reply_count":0,"_bbp_total_topic_count":0,"_bbp_total_reply_count":0,"_bbp_voice_count":0,"_bbp_anonymous_reply_count":0,"_bbp_topic_count_hidden":0,"_bbp_reply_count_hidden":0,"_bbp_forum_subforum_count":0,"ngg_post_thumbnail":0,"_links_to":"","_links_to_target":""},"categories":[17,7,18],"tags":[],"_links":{"self":[{"href":"http:\/\/www.asphan.org.br\/index.php\/wp-json\/wp\/v2\/posts\/1277"}],"collection":[{"href":"http:\/\/www.asphan.org.br\/index.php\/wp-json\/wp\/v2\/posts"}],"about":[{"href":"http:\/\/www.asphan.org.br\/index.php\/wp-json\/wp\/v2\/types\/post"}],"author":[{"embeddable":true,"href":"http:\/\/www.asphan.org.br\/index.php\/wp-json\/wp\/v2\/users\/3"}],"replies":[{"embeddable":true,"href":"http:\/\/www.asphan.org.br\/index.php\/wp-json\/wp\/v2\/comments?post=1277"}],"version-history":[{"count":3,"href":"http:\/\/www.asphan.org.br\/index.php\/wp-json\/wp\/v2\/posts\/1277\/revisions"}],"predecessor-version":[{"id":1279,"href":"http:\/\/www.asphan.org.br\/index.php\/wp-json\/wp\/v2\/posts\/1277\/revisions\/1279"}],"wp:attachment":[{"href":"http:\/\/www.asphan.org.br\/index.php\/wp-json\/wp\/v2\/media?parent=1277"}],"wp:term":[{"taxonomy":"category","embeddable":true,"href":"http:\/\/www.asphan.org.br\/index.php\/wp-json\/wp\/v2\/categories?post=1277"},{"taxonomy":"post_tag","embeddable":true,"href":"http:\/\/www.asphan.org.br\/index.php\/wp-json\/wp\/v2\/tags?post=1277"}],"curies":[{"name":"wp","href":"https:\/\/api.w.org\/{rel}","templated":true}]}}