{"id":1317,"date":"2016-06-14T14:40:25","date_gmt":"2016-06-14T17:40:25","guid":{"rendered":"http:\/\/www.asphan.org.br\/?p=1317"},"modified":"2016-06-15T15:13:59","modified_gmt":"2016-06-15T18:13:59","slug":"carta-resposta-ao-grupo-de-servidores-de-brasilia-df","status":"publish","type":"post","link":"http:\/\/www.asphan.org.br\/index.php\/carta-resposta-ao-grupo-de-servidores-de-brasilia-df","title":{"rendered":"Carta-resposta ao Grupo de Servidores de Bras\u00edlia &#8211; DF"},"content":{"rendered":"<p>Segue correspond\u00eancia encaminhada a <strong>ASPHAN<\/strong> e resposta dada para conhecimento do coletivo da institui\u00e7\u00e3o.<\/p>\n<p>Senhor Presidente,<\/p>\n<p>Como \u00e9 do conhecimento de V.S\u00aa, durante Audi\u00eancia P\u00fablica realizada na C\u00e2mara dos Deputados no \u00faltimo dia 24 de maio, em que se discutiu a proposta de extin\u00e7\u00e3o do Minist\u00e9rio da Cultura pelo governo interino, foi encaminhada proposi\u00e7\u00e3o para que se realizasse uma nova audi\u00eancia espec\u00edfica para debater a cria\u00e7\u00e3o da Secretaria Especial do Patrim\u00f4nio Hist\u00f3rico e Art\u00edstico Nacional \u2013 SEPHAN e sua poss\u00edvel sobreposi\u00e7\u00e3o \u00e0s atribui\u00e7\u00f5es do IPHAN.<\/p>\n<p>Em reuni\u00e3o realizada no Espa\u00e7o do Servidor no dia de ontem, um grupo de servidores da Sede e Superintend\u00eancia do IPHAN-DF que seguem mobilizados para o acompanhamento da situa\u00e7\u00e3o pol\u00edtica e, especificamente, de seus desdobramentos no Minist\u00e9rio da Cultura e vinculadas, recebeu a confirma\u00e7\u00e3o da aprova\u00e7\u00e3o do requerimento e realiza\u00e7\u00e3o da Audi\u00eancia P\u00fablica no dia 28\/06.<\/p>\n<p>Dessa maneira, considerando a urg\u00eancia que as medidas requerem em fun\u00e7\u00e3o do atual cen\u00e1rio de inseguran\u00e7a institucional, tomamos provid\u00eancias no sentido de articular junto aos deputados membros da Comiss\u00e3o de Cultura da C\u00e2mara o agendamento de reuni\u00e3o pr\u00e9via \u00e0 audi\u00eancia para apresentar as principais demandas e preocupa\u00e7\u00f5es dos servidores diante da cria\u00e7\u00e3o da SEPHAN e os poss\u00edveis impactos na atua\u00e7\u00e3o do IPHAN.<\/p>\n<p>A reuni\u00e3o ser\u00e1 realizada no dia 16\/06, \u00e0s 11h, e contar\u00e1 com a participa\u00e7\u00e3o de um grupo de seis servidores. Esperamos que ap\u00f3s a realiza\u00e7\u00e3o desta, possamos somar esfor\u00e7os e informa\u00e7\u00f5es para garantir o melhor andamento poss\u00edvel para a Audi\u00eancia P\u00fablica dentro do interesse comum de todos os servidores, filiados ou n\u00e3o \u00e0 <strong>ASPHAN<\/strong>.<\/p>\n<p>No sentido de ampliarmos e agilizarmos a comunica\u00e7\u00e3o entre os servidores nesse momento cr\u00edtico, informamos que ser\u00e1 criado um perfil de Facebook para o Espa\u00e7o do Servidor onde compartilharemos as proposi\u00e7\u00f5es e resultados das a\u00e7\u00f5es encaminhadas pelos servidores de Bras\u00edlia. E desde j\u00e1 pedimos a <strong>ASPHAN<\/strong> que aceite as solicita\u00e7\u00f5es de comunica\u00e7\u00e3o com os\u00a0servidores de Bras\u00edlia por meio desse canal.<\/p>\n<p>Respeitosamente,<\/p>\n<p>Grupo de Servidores do IPHAN Sede e IPHAN-DF<br \/>\nEspa\u00e7o do Servidor<\/p>\n<p>*************************************************************************************************************<\/p>\n<p>Ao Grupo de Servidores de Bras\u00edlia \u2013 IPHAN SEDE E SUPERINTEND\u00caNCIA DO DF<\/p>\n<p>Caros Colegas,<\/p>\n<p>Acuso o recebimento de correspond\u00eancia deste grupo, informando sobre a participa\u00e7\u00e3o em reuni\u00e3o com a Comiss\u00e3o de Cultura da C\u00e2mara. Por evidente,\u00a0a atividade pol\u00edtica individual \u00e9 garantida e uma conquista do povo brasileiro, portanto a iniciativa de se integrar ao debate, n\u00e3o somente \u00e9 desej\u00e1vel, com deve ser louvada, parabenizo a todos os que se disp\u00f5em a este esfor\u00e7o pessoal.<\/p>\n<p>Tenho, entretanto, muita dificuldade de compreender como se d\u00e1 a organiza\u00e7\u00e3o deste conjunto de servidores e creio j\u00e1 ter solicitado que os seus integrantes se identifiquem, pois assim, poderemos (eu e os demais colegas do IPHAN) saber o perfil dos mesmos se servidores, ocupantes de DAS, funcion\u00e1rios terceirizados, etc. De posse deste dado fundamental, atuar de maneira a somar esfor\u00e7os em causas especificas. Mas os contatos, invariavelmente, v\u00eam sem a identifica\u00e7\u00e3o dos que o subscrevem.<\/p>\n<p>O chamado espa\u00e7o do servidor, surge ap\u00f3s uma greve traum\u00e1tica, que impactou toda a institui\u00e7\u00e3o, agravada por posturas da dire\u00e7\u00e3o at\u00e9 ent\u00e3o inusitadas, como a \u201cfabrica\u00e7\u00e3o de dossi\u00eas\u201d. Desde o primeiro informe, entendi que se tratava de um espa\u00e7o destinado a confraterniza\u00e7\u00e3o e socializa\u00e7\u00e3o dos servidores e funcion\u00e1rios da autarquia. N\u00e3o compreendi, contudo, porque tais espa\u00e7os n\u00e3o foram criados nas demais unidades do IPHAN, prevendo at\u00e9 a adapta\u00e7\u00e3o f\u00edsica destinada a receber equipamentos de lazer e recreativos.<\/p>\n<p>Ao n\u00e3o se dar andamento a tais iniciativas, criou-se a impress\u00e3o, vamos assim dizer, de uma esp\u00e9cie de regalia para os colegas de Bras\u00edlia. Deste espa\u00e7o, por\u00e9m t\u00eam surgido a\u00e7\u00f5es, mais propriamente de organiza\u00e7\u00e3o pol\u00edtica, perfeitamente legitimas do ponto de vista da participa\u00e7\u00e3o pessoal, mas que merecem duas considera\u00e7\u00f5es. Primeiramente ao se manifestarem coletivamente, me parecem em desacordo com a legisla\u00e7\u00e3o brasileira vigente sobre o assunto, pois n\u00e3o se vinculam a nenhuma representa\u00e7\u00e3o formal existente, nem ao Sindicato, nem a Associa\u00e7\u00e3o. E em segundo lugar, n\u00e3o t\u00eam delimitado de maneira cabal a extens\u00e3o de suas manifesta\u00e7\u00f5es, induzindo ao erro do leitor ou do interlocutor, sobre a extens\u00e3o de sua representatividade, que neste caso se refere a Bras\u00edlia, n\u00e3o englobando outros estados da uni\u00e3o.<\/p>\n<p>Retornando a participa\u00e7\u00e3o na Comiss\u00e3o de Cultura do Congresso, a associa\u00e7\u00e3o representando seus 881 membros n\u00e3o se furtar\u00e1 a se posicionar e lutar em defesa das autarquias da Cultura. Gostaria tamb\u00e9m que os seis membros que comparecer\u00e3o \u00e0 Comiss\u00e3o de Cultura se identificassem previamente para futuros contatos.<\/p>\n<p>Com rela\u00e7\u00e3o ao direcionamento de informa\u00e7\u00f5es, creio que mais adequado, para garantir maior abrang\u00eancia, que a interlocu\u00e7\u00e3o seja feita pela p\u00e1gina da <strong>ASPHAN<\/strong> no Facebook e pelo grupo de e-mails que conta com a participa\u00e7\u00e3o de todos do IPHAN, que agora, tenho certeza, ser\u00e1 democratizado. Inclusive esta resposta j\u00e1 foi enviada para o grupo, divulgando amplamente o teor do documento que deu origem a tal.<\/p>\n<p>N\u00e3o poderia deixar de aproveitar este contato para tentar alertar para poss\u00edveis tens\u00f5es entre grupos de servidores que surjam, decorrentes de movimenta\u00e7\u00f5es pol\u00edticas que podem ser mal interpretadas pelo conjunto da casa. A considera\u00e7\u00e3o a ser exposta abaixo visa sobretudo garantir uma conviv\u00eancia mais harm\u00f4nica com os servidores dos demais estados.<\/p>\n<p>Por exemplo, no dia de hoje, soube que um grupo de servidores de Bras\u00edlia se dirige para conversar com o Ministro. Este encontro n\u00e3o foi divulgado ao coletivo dos servidores, nem sua pauta. Me parece razo\u00e1vel que os demais estados devam tamb\u00e9m ter o mesmo espa\u00e7o de aten\u00e7\u00e3o, de maneira a poderem manifestar seus pontos de vista em rela\u00e7\u00e3o \u00e0 institui\u00e7\u00e3o, \u00e0 sua condu\u00e7\u00e3o, \u00e0 transpar\u00eancia, \u00e0 democratiza\u00e7\u00e3o da informa\u00e7\u00e3o, etc. \u2013 independentemente de estarem localizados mais afastados geograficamente do centro de poder. A <strong>ASPHAN<\/strong> se mobilizar\u00e1 para estudar a viabilidade de tal a\u00e7\u00e3o.<\/p>\n<p>Cordialmente,<\/p>\n<p>Leonardo Barreto de Oliveira<br \/>\nPresidente <strong>ASPHAN<\/strong><\/p>\n","protected":false},"excerpt":{"rendered":"<p>Segue correspond\u00eancia encaminhada a ASPHAN e resposta dada para conhecimento do coletivo da institui\u00e7\u00e3o. Senhor Presidente, Como \u00e9 do conhecimento de V.S\u00aa, durante Audi\u00eancia P\u00fablica realizada na C\u00e2mara dos Deputados no \u00faltimo dia 24 de maio, em que se discutiu a proposta de extin\u00e7\u00e3o do Minist\u00e9rio da Cultura pelo governo interino, foi encaminhada proposi\u00e7\u00e3o para [&hellip;]<\/p>\n","protected":false},"author":3,"featured_media":0,"comment_status":"closed","ping_status":"closed","sticky":false,"template":"","format":"standard","meta":{"_bbp_topic_count":0,"_bbp_reply_count":0,"_bbp_total_topic_count":0,"_bbp_total_reply_count":0,"_bbp_voice_count":0,"_bbp_anonymous_reply_count":0,"_bbp_topic_count_hidden":0,"_bbp_reply_count_hidden":0,"_bbp_forum_subforum_count":0,"ngg_post_thumbnail":0,"_links_to":"","_links_to_target":""},"categories":[7,18],"tags":[],"_links":{"self":[{"href":"http:\/\/www.asphan.org.br\/index.php\/wp-json\/wp\/v2\/posts\/1317"}],"collection":[{"href":"http:\/\/www.asphan.org.br\/index.php\/wp-json\/wp\/v2\/posts"}],"about":[{"href":"http:\/\/www.asphan.org.br\/index.php\/wp-json\/wp\/v2\/types\/post"}],"author":[{"embeddable":true,"href":"http:\/\/www.asphan.org.br\/index.php\/wp-json\/wp\/v2\/users\/3"}],"replies":[{"embeddable":true,"href":"http:\/\/www.asphan.org.br\/index.php\/wp-json\/wp\/v2\/comments?post=1317"}],"version-history":[{"count":6,"href":"http:\/\/www.asphan.org.br\/index.php\/wp-json\/wp\/v2\/posts\/1317\/revisions"}],"predecessor-version":[{"id":1328,"href":"http:\/\/www.asphan.org.br\/index.php\/wp-json\/wp\/v2\/posts\/1317\/revisions\/1328"}],"wp:attachment":[{"href":"http:\/\/www.asphan.org.br\/index.php\/wp-json\/wp\/v2\/media?parent=1317"}],"wp:term":[{"taxonomy":"category","embeddable":true,"href":"http:\/\/www.asphan.org.br\/index.php\/wp-json\/wp\/v2\/categories?post=1317"},{"taxonomy":"post_tag","embeddable":true,"href":"http:\/\/www.asphan.org.br\/index.php\/wp-json\/wp\/v2\/tags?post=1317"}],"curies":[{"name":"wp","href":"https:\/\/api.w.org\/{rel}","templated":true}]}}