{"id":1329,"date":"2016-06-21T09:46:28","date_gmt":"2016-06-21T12:46:28","guid":{"rendered":"http:\/\/www.asphan.org.br\/?p=1329"},"modified":"2016-06-21T09:46:28","modified_gmt":"2016-06-21T12:46:28","slug":"carta-ao-presidente-interino-michel-temer","status":"publish","type":"post","link":"http:\/\/www.asphan.org.br\/index.php\/carta-ao-presidente-interino-michel-temer","title":{"rendered":"Carta ao presidente interino Michel Temer"},"content":{"rendered":"<p>Com o objetivo de manter a transpar\u00eancia junto ao quadro de servidores do Iphan, a <strong>ASPHAN<\/strong> divulga, com anteced\u00eancia, o texto de carta a ser encaminhada do presidente interino Michel Temer. A Associa\u00e7\u00e3o aguardar\u00e1 o prazo de dois dias para manifesta\u00e7\u00f5es pertinentes de seus associados e sugest\u00f5es de altera\u00e7\u00f5es antes que o texto seja entregue ao destinat\u00e1rio final.<br \/>\n*************************************************************************************************************<\/p>\n<p>A Sua Excel\u00eancia o Senhor<\/p>\n<p>MICHEL TEMER<\/p>\n<p>Presidente da Rep\u00fablica Interino<\/p>\n<p>Pal\u00e1cio do Planalto<\/p>\n<p>Bras\u00edlia\/DF<\/p>\n<p>&nbsp;<\/p>\n<p>Exm\u00ba. Senhor Presidente Interino,<\/p>\n<p>Transcorrido significativo espa\u00e7o de tempo desde a edi\u00e7\u00e3o da MP 728, de 23\/05\/2016, em que \u00e9 criada a Secret\u00e1ria Especial do Patrim\u00f4nio Hist\u00f3rico e Art\u00edstico Nacional, sem que fosse divulgada suas atribui\u00e7\u00f5es legais, expande-se pelo corpo funcional do IPHAN, apreens\u00e3o com o prop\u00f3sito deste ato administrativo.<\/p>\n<p>A <strong>ASPHAN<\/strong>, nesta manifesta\u00e7\u00e3o, n\u00e3o vem apresentar \u00e0 V.Ex.\u00aa qualquer prejulgamento das inten\u00e7\u00f5es desta medida. O que se demanda \u00e9 seu pleno conhecimento por parte dos servidores e da sociedade. Recentemente, o ex-Ministro da Cultura, em entrevista concedida \u00e0 imprensa, deu a entender que conhecia esta proposi\u00e7\u00e3o de altera\u00e7\u00e3o, pois disse j\u00e1 t\u00ea-la descartado. Portanto, nos parece que a inten\u00e7\u00e3o de cria\u00e7\u00e3o da SEPHAN j\u00e1 estava sendo gestada no interior do governo anterior. Contudo, podemos afian\u00e7ar a V.Ex.\u00aa n\u00e3o\u00a0 estarmos de forma alguma inteirados de quaisquer propostas, referentes a modifica\u00e7\u00f5es na organiza\u00e7\u00e3o administrativa das estruturas de governo, encarregadas das atribui\u00e7\u00f5es destinadas ao Patrim\u00f4nio Cultural, em particular ao atendimento do disposto no artigo 216 da Constitui\u00e7\u00e3o Federal.<\/p>\n<p>Causa-nos espanto que os servidores do IPHAN, respons\u00e1veis diretos pela implanta\u00e7\u00e3o das pol\u00edticas p\u00fablicas de Estado, no tocante \u00e0 defesa e valoriza\u00e7\u00e3o do Patrim\u00f4nio Cultural brasileiro, n\u00e3o tenham sido chamados a opinar e contribuir com sua vasta experi\u00eancia na \u00e1rea. Esperamos ainda participar das discuss\u00f5es relativas ao tema.<\/p>\n<p>Indiscutivelmente, o IPHAN passa por dificuldades, mas estas t\u00eam como principal mote as prec\u00e1rias condi\u00e7\u00f5es de trabalho, em particular no que se refere ao quadro de pessoal, absolutamente incompat\u00edvel com a imensa demanda, em fun\u00e7\u00e3o das prerrogativas constitucionais que nos s\u00e3o atribu\u00eddas. Frise-se que, apesar desta dif\u00edcil situa\u00e7\u00e3o, seguimos cumprindo com ineg\u00e1vel distin\u00e7\u00e3o e lisura nossos deveres como servidores p\u00fablicos.<\/p>\n<p>Neste momento, tamb\u00e9m \u00e9 importante contribuir externando que, no passado, quando secretarias foram criadas com o objetivo de dividir atribui\u00e7\u00f5es e fun\u00e7\u00f5es com a autarquia em tela, o resultado n\u00e3o se mostrou positivo. N\u00e3o somente pelo aumento de custos, deslocando preciosos recursos da \u00e1rea final\u00edstica, mas sobretudo, devido \u00e0 duplicidade de comando, acarretando lentid\u00e3o operacional, independentemente da produtividade e desempenho dos servidores no exerc\u00edcio de suas obriga\u00e7\u00f5es.<\/p>\n<p>Cumpre sempre ressaltar o papel fundamental da Autarquia, ao longo de seus quase 80 anos de exist\u00eancia, na preserva\u00e7\u00e3o do Patrim\u00f4nio Cultural brasileiro, e a excel\u00eancia de seu quadro funcional, como bem salientou o Conselho Consultivo da institui\u00e7\u00e3o, em correspond\u00eancia dirigida a V.Ex.\u00aa, datada de 1\u00ba de junho de 2016.<\/p>\n<p>Pelas raz\u00f5es elencadas acima \u00e9 que viemos, respeitosamente, a lhe solicitar que nos seja dado conhecimento e participa\u00e7\u00e3o em eventuais mudan\u00e7as planejadas para a gest\u00e3o do Patrim\u00f4nio Cultural brasileiro. Externamos preocupa\u00e7\u00e3o que altera\u00e7\u00f5es no atual modelo de gest\u00e3o sejam realizadas de modo a\u00e7odado. Em nossa \u00e1rea de atua\u00e7\u00e3o, o valor \u00fanico dos bens em quest\u00e3o demanda sempre muita cautela e sabedoria em cada interven\u00e7\u00e3o t\u00e9cnica. Gostar\u00edamos que eventuais medidas propostas levassem este crit\u00e9rio em considera\u00e7\u00e3o, visto que, da mesma forma, interven\u00e7\u00f5es administrativas podem ter consequ\u00eancias muito danosas nestes valiosos e fr\u00e1geis acervos.<\/p>\n","protected":false},"excerpt":{"rendered":"<p>Com o objetivo de manter a transpar\u00eancia junto ao quadro de servidores do Iphan, a ASPHAN divulga, com anteced\u00eancia, o texto de carta a ser encaminhada do presidente interino Michel Temer. A Associa\u00e7\u00e3o aguardar\u00e1 o prazo de dois dias para manifesta\u00e7\u00f5es pertinentes de seus associados e sugest\u00f5es de altera\u00e7\u00f5es antes que o texto seja entregue [&hellip;]<\/p>\n","protected":false},"author":3,"featured_media":0,"comment_status":"closed","ping_status":"closed","sticky":false,"template":"","format":"standard","meta":{"_bbp_topic_count":0,"_bbp_reply_count":0,"_bbp_total_topic_count":0,"_bbp_total_reply_count":0,"_bbp_voice_count":0,"_bbp_anonymous_reply_count":0,"_bbp_topic_count_hidden":0,"_bbp_reply_count_hidden":0,"_bbp_forum_subforum_count":0,"ngg_post_thumbnail":0,"_links_to":"","_links_to_target":""},"categories":[7,18],"tags":[],"_links":{"self":[{"href":"http:\/\/www.asphan.org.br\/index.php\/wp-json\/wp\/v2\/posts\/1329"}],"collection":[{"href":"http:\/\/www.asphan.org.br\/index.php\/wp-json\/wp\/v2\/posts"}],"about":[{"href":"http:\/\/www.asphan.org.br\/index.php\/wp-json\/wp\/v2\/types\/post"}],"author":[{"embeddable":true,"href":"http:\/\/www.asphan.org.br\/index.php\/wp-json\/wp\/v2\/users\/3"}],"replies":[{"embeddable":true,"href":"http:\/\/www.asphan.org.br\/index.php\/wp-json\/wp\/v2\/comments?post=1329"}],"version-history":[{"count":2,"href":"http:\/\/www.asphan.org.br\/index.php\/wp-json\/wp\/v2\/posts\/1329\/revisions"}],"predecessor-version":[{"id":1331,"href":"http:\/\/www.asphan.org.br\/index.php\/wp-json\/wp\/v2\/posts\/1329\/revisions\/1331"}],"wp:attachment":[{"href":"http:\/\/www.asphan.org.br\/index.php\/wp-json\/wp\/v2\/media?parent=1329"}],"wp:term":[{"taxonomy":"category","embeddable":true,"href":"http:\/\/www.asphan.org.br\/index.php\/wp-json\/wp\/v2\/categories?post=1329"},{"taxonomy":"post_tag","embeddable":true,"href":"http:\/\/www.asphan.org.br\/index.php\/wp-json\/wp\/v2\/tags?post=1329"}],"curies":[{"name":"wp","href":"https:\/\/api.w.org\/{rel}","templated":true}]}}