{"id":1333,"date":"2016-07-07T12:22:01","date_gmt":"2016-07-07T15:22:01","guid":{"rendered":"http:\/\/www.asphan.org.br\/?p=1333"},"modified":"2016-07-07T12:22:01","modified_gmt":"2016-07-07T15:22:01","slug":"reuniao-extraordinaria-na-superintendencia-do-iphan-em-sao-paulo","status":"publish","type":"post","link":"http:\/\/www.asphan.org.br\/index.php\/reuniao-extraordinaria-na-superintendencia-do-iphan-em-sao-paulo","title":{"rendered":"Reuni\u00e3o extraordin\u00e1ria na Superintend\u00eancia do Iphan em S\u00e3o Paulo"},"content":{"rendered":"<p>Em virtude de um compromisso pessoal, o presidente da <strong>ASPHAN<\/strong> Leonardo Barreto esteve em S\u00e3o Paulo no fim do m\u00eas de junho. Na circunst\u00e2ncia, reuniu-se com um grupo de servidores na Superintend\u00eancia do IPHAN na capital paulista \u2013 encontro realizado no dia 30 do mesmo m\u00eas. A inten\u00e7\u00e3o de Barreto \u00e9 visitar Superintend\u00eancias dos demais Estados sempre que poss\u00edvel.<\/p>\n<p>Estiveram presentes na ocasi\u00e3o servidores do IPHAN em S\u00e3o Paulo e colegas associados ao Museu Lasar Segall e \u00e0 Cinemateca. As discuss\u00f5es giraram em torno de quest\u00f5es como o Diss\u00eddio de 89 e a Lei 12.277\/10. Assim que a ata da reuni\u00e3o for encaminhada \u00e0 <strong>ASPHAN<\/strong>, divulgaremos a mesma em nossos site e p\u00e1gina no Facebook para o conhecimento de todos.<\/p>\n","protected":false},"excerpt":{"rendered":"<p>Em virtude de um compromisso pessoal, o presidente da ASPHAN Leonardo Barreto esteve em S\u00e3o Paulo no fim do m\u00eas de junho. Na circunst\u00e2ncia, reuniu-se com um grupo de servidores na Superintend\u00eancia do IPHAN na capital paulista \u2013 encontro realizado no dia 30 do mesmo m\u00eas. A inten\u00e7\u00e3o de Barreto \u00e9 visitar Superintend\u00eancias dos demais [&hellip;]<\/p>\n","protected":false},"author":3,"featured_media":0,"comment_status":"closed","ping_status":"closed","sticky":false,"template":"","format":"standard","meta":{"_bbp_topic_count":0,"_bbp_reply_count":0,"_bbp_total_topic_count":0,"_bbp_total_reply_count":0,"_bbp_voice_count":0,"_bbp_anonymous_reply_count":0,"_bbp_topic_count_hidden":0,"_bbp_reply_count_hidden":0,"_bbp_forum_subforum_count":0,"ngg_post_thumbnail":0,"_links_to":"","_links_to_target":""},"categories":[7,18],"tags":[],"_links":{"self":[{"href":"http:\/\/www.asphan.org.br\/index.php\/wp-json\/wp\/v2\/posts\/1333"}],"collection":[{"href":"http:\/\/www.asphan.org.br\/index.php\/wp-json\/wp\/v2\/posts"}],"about":[{"href":"http:\/\/www.asphan.org.br\/index.php\/wp-json\/wp\/v2\/types\/post"}],"author":[{"embeddable":true,"href":"http:\/\/www.asphan.org.br\/index.php\/wp-json\/wp\/v2\/users\/3"}],"replies":[{"embeddable":true,"href":"http:\/\/www.asphan.org.br\/index.php\/wp-json\/wp\/v2\/comments?post=1333"}],"version-history":[{"count":2,"href":"http:\/\/www.asphan.org.br\/index.php\/wp-json\/wp\/v2\/posts\/1333\/revisions"}],"predecessor-version":[{"id":1335,"href":"http:\/\/www.asphan.org.br\/index.php\/wp-json\/wp\/v2\/posts\/1333\/revisions\/1335"}],"wp:attachment":[{"href":"http:\/\/www.asphan.org.br\/index.php\/wp-json\/wp\/v2\/media?parent=1333"}],"wp:term":[{"taxonomy":"category","embeddable":true,"href":"http:\/\/www.asphan.org.br\/index.php\/wp-json\/wp\/v2\/categories?post=1333"},{"taxonomy":"post_tag","embeddable":true,"href":"http:\/\/www.asphan.org.br\/index.php\/wp-json\/wp\/v2\/tags?post=1333"}],"curies":[{"name":"wp","href":"https:\/\/api.w.org\/{rel}","templated":true}]}}