{"id":1351,"date":"2016-07-20T12:09:51","date_gmt":"2016-07-20T15:09:51","guid":{"rendered":"http:\/\/www.asphan.org.br\/?p=1351"},"modified":"2016-07-20T12:26:35","modified_gmt":"2016-07-20T15:26:35","slug":"reuniao-sobre-dissidio-coletivo-de-1989","status":"publish","type":"post","link":"http:\/\/www.asphan.org.br\/index.php\/reuniao-sobre-dissidio-coletivo-de-1989","title":{"rendered":"Reuni\u00e3o sobre Diss\u00eddio Coletivo de 1989"},"content":{"rendered":"<p>Conforme anunciado anteriormente via site e Facebook da Associa\u00e7\u00e3o, e levando em conta tamb\u00e9m as \u00faltimas manifesta\u00e7\u00f5es da ju\u00edza dra. Cissa de Almeida Biasoli, respons\u00e1vel pelo processo do Diss\u00eddio Coletivo de 1989, a dire\u00e7\u00e3o da <strong>ASPHAN<\/strong> entende que seja necess\u00e1ria uma reuni\u00e3o com os servidores envolvidos na a\u00e7\u00e3o para que possamos deliberar sobre os pr\u00f3ximos passos cab\u00edveis de forma coletiva.<\/p>\n<p>O encontro acontecer\u00e1 no <strong>dia 1\u00ba de agosto, \u00e0s 15h, no audit\u00f3rio do 7\u00ba andar do Pal\u00e1cio Gustavo Capanema\u00a0\u2013 Rio de Janeiro (RJ)<\/strong>. Contamos com a participa\u00e7\u00e3o de todos! Avise seus colegas.<\/p>\n<p>Mais d\u00favidas sobre o processo podem ser solucionadas com a advogada respons\u00e1vel dra. Claudia Duranti pelo telefone (21) 2220-9344.<\/p>\n","protected":false},"excerpt":{"rendered":"<p>Conforme anunciado anteriormente via site e Facebook da Associa\u00e7\u00e3o, e levando em conta tamb\u00e9m as \u00faltimas manifesta\u00e7\u00f5es da ju\u00edza dra. Cissa de Almeida Biasoli, respons\u00e1vel pelo processo do Diss\u00eddio Coletivo de 1989, a dire\u00e7\u00e3o da ASPHAN entende que seja necess\u00e1ria uma reuni\u00e3o com os servidores envolvidos na a\u00e7\u00e3o para que possamos deliberar sobre os pr\u00f3ximos [&hellip;]<\/p>\n","protected":false},"author":3,"featured_media":0,"comment_status":"closed","ping_status":"closed","sticky":false,"template":"","format":"standard","meta":{"_bbp_topic_count":0,"_bbp_reply_count":0,"_bbp_total_topic_count":0,"_bbp_total_reply_count":0,"_bbp_voice_count":0,"_bbp_anonymous_reply_count":0,"_bbp_topic_count_hidden":0,"_bbp_reply_count_hidden":0,"_bbp_forum_subforum_count":0,"ngg_post_thumbnail":0,"_links_to":"","_links_to_target":""},"categories":[17,7,18],"tags":[38],"_links":{"self":[{"href":"http:\/\/www.asphan.org.br\/index.php\/wp-json\/wp\/v2\/posts\/1351"}],"collection":[{"href":"http:\/\/www.asphan.org.br\/index.php\/wp-json\/wp\/v2\/posts"}],"about":[{"href":"http:\/\/www.asphan.org.br\/index.php\/wp-json\/wp\/v2\/types\/post"}],"author":[{"embeddable":true,"href":"http:\/\/www.asphan.org.br\/index.php\/wp-json\/wp\/v2\/users\/3"}],"replies":[{"embeddable":true,"href":"http:\/\/www.asphan.org.br\/index.php\/wp-json\/wp\/v2\/comments?post=1351"}],"version-history":[{"count":5,"href":"http:\/\/www.asphan.org.br\/index.php\/wp-json\/wp\/v2\/posts\/1351\/revisions"}],"predecessor-version":[{"id":1360,"href":"http:\/\/www.asphan.org.br\/index.php\/wp-json\/wp\/v2\/posts\/1351\/revisions\/1360"}],"wp:attachment":[{"href":"http:\/\/www.asphan.org.br\/index.php\/wp-json\/wp\/v2\/media?parent=1351"}],"wp:term":[{"taxonomy":"category","embeddable":true,"href":"http:\/\/www.asphan.org.br\/index.php\/wp-json\/wp\/v2\/categories?post=1351"},{"taxonomy":"post_tag","embeddable":true,"href":"http:\/\/www.asphan.org.br\/index.php\/wp-json\/wp\/v2\/tags?post=1351"}],"curies":[{"name":"wp","href":"https:\/\/api.w.org\/{rel}","templated":true}]}}