{"id":137,"date":"2011-06-10T14:00:02","date_gmt":"2011-06-10T14:00:02","guid":{"rendered":"http:\/\/compartilhar.com.br\/asphan\/?p=137"},"modified":"2011-06-10T14:00:02","modified_gmt":"2011-06-10T14:00:02","slug":"na-luta-pelo-plano-de-cargos-e-salarios","status":"publish","type":"post","link":"http:\/\/www.asphan.org.br\/index.php\/na-luta-pelo-plano-de-cargos-e-salarios","title":{"rendered":"Na luta pelo Plano de Cargos e Sal\u00e1rios"},"content":{"rendered":"<p><strong>Queremos o Plano de Cargos!<\/strong><\/p>\n<p>Estamos sendo enrolados desde 2005, quando assumiram (governo) o compromisso da implanta\u00e7\u00e3o Plano de Carreira da Cultura.<\/p>\n<p>At\u00e9 o presente momento s\u00f3 fizeram nos enrolar. O Minist\u00e9rio do Planejamento ainda n\u00e2o se dignou sentar conosco para negociar a implanta\u00e7\u00e3o do Plano. At\u00e9 quando teremos que esperar? At\u00e9 quando teremos que manter a greve para fazer valer o nosso direito?<\/p>\n<p>Ser\u00e1 essa a pr\u00e1tica de todos os governos? Pior ainda, ser\u00e1 essa a pr\u00e1tica de um governo que n\u00f3s \t\tlutamos tanto para eleger e, agora, o que ganhamos em troca \u00e9 a total omiss\u00e3o, o total descaso para \t\tcom a classe trabalhadora?<\/p>\n<p>Que governo \u00e9 esse que se diz dos trabalhadores, governo esse que massacra justo o bra\u00e7o do qual \t\tmais ele mesmo necessita para colocar os seus planos de a\u00e7\u00e3o em funcionamento?<\/p>\n<p>At\u00e9 quando os governos n\u00e3o v\u00e3o reconhecer que, para poderem administrar com compet\u00eancia, necessitam \t\tdo Executivo para isso? At\u00e9 quando os altos escal\u00f5tes das empresas p\u00fablicas ser\u00e1 leiloado pelos seus \t\tcompar\u00e7as, desconsiderando completamente o cabedal profissional existente dentro dessas empresas, cabedal \t\tconstruido atrav\u00e9s dos tempos, com conhecimento de causa?<\/p>\n<p>At\u00e9 quando teremos que engolir certos estultos que v\u00eam n\u00e3o se sabe de onde e se imaginam donos \t\tdas institui\u00e7\u00f5es, senhores todo-poderosos capazes de uma \u00fanica coisa que \u00e9 a auto-promo\u00e7\u00e3o?<\/p>\n<p>Caros amigos.<\/p>\n<p>Desculpem se essa comunica\u00e7\u00e3o tiver um feitio meio desconexo mas vou tentar repassar para voc\u00eas as \u00faltimas not\u00edcias:<\/p>\n<p>1. Ontem, dia 20, em Bras\u00edlia, os presidentes das quatro  associa\u00e7\u00f5es juridicamente constitu\u00eddas, de servidores do MinC (ASBN,  ASMINC, ASSERTE e ASPHAN) assinaram um protocolo  \t\t\tde inten\u00e7\u00f5es no sentido de trabalhar em conjunto pelos interesses  comuns. Oportunamente o protocolo ser\u00e1 divulgado aqui.<\/p>\n<p>2. Na qualidade de presidentes das referidas associa\u00e7\u00f5es, pedimos  uma audi\u00eancia com o Secret\u00e1rio Executivo, que nos atendeu tamb\u00e9m ontem  pela manh\u00e2  \t\t\tpassando-nos a informa\u00e7\u00e3o de que na noite anterior (dia 19), o  Ministro Gil acertara com o Presidente Lula sua perman\u00eancia por mais 12  meses.<\/p>\n<p>3. A nosso pedido, o Secret\u00e1rio Juca ligou para o Secret\u00e1rio  Executivo do Planejamento, Bringel, e dele obteve as seguintes  informa\u00e7\u00f5es a respeito de nosso termo, perspectivas etc.:  \t\t\to Planejamento n\u00e3o estava enviando nada de medidas provis\u00f3rias,  decretos etc. para a Casa Civil ou Congresso, pois estava aguardando a  vota\u00e7\u00e3o da CPMF; no nosso caso, e em todos os  \t\t\tdemais acordos firmados, o prazo de 31 de dezembro n\u00e3o poderia ser  atendido visto  que, com o cancelamento da CPMF, o governo estar\u00e1 na  semana que vem avaliando os ajustes necess\u00e1rios  \t\t\tno or\u00e7amento; o Presidente Lula j\u00e1 expressou publicamente sua decis\u00e3o  de atender aos acordos salariais j\u00e1 firmados, incluindo a contrata\u00e7\u00e3o  de novos servidores;  \t\t\ta quest\u00e3o do n\u00e3o atendimento do prazo estipulado no termo n\u00e3o  invalida seu conte\u00fado, ficando essa quest\u00e3o na responsabilidade das  partes signat\u00e1rias \t\t\t(o Secret\u00e1rio est\u00e1 confiante em que o termo, em seu conte\u00fado, ser\u00e1  cumprido).<\/p>\n<p>Posso estar me adiantando aos outros colegas presidentes das  outras associa\u00e7\u00f5es mas ao ler as d\u00favidas e ansiedades expressas por t\u00e3o  caros colegas,  \t\t\ttalvez essas poucas informa\u00e7\u00f5es possam responder um pouco \u00e0s  quest\u00f5es.<\/p>\n<p>Gostaria de acrescentar que estou totalmente de acordo com a  atitude tomada pelos colegas Regina, Bruno, S\u00edlvio e Paix\u00e3o, meus  representantes ao Congresso da Condsef. Considero tamb\u00e9m  \t\t\textremamente importante que todas as discuss\u00f5es sobre planos,  representa\u00e7\u00f5es, sindicatos, elei\u00e7\u00f5es etc., no \u00e2mbito da Cultura,  apare\u00e7am aqui no site da ASPHAN  \t\t\te no SoS Cultura, para estimular a conscientiza\u00e7\u00e3o e o di\u00edlogo  produtivo.<\/p>\n<p>Aproveito para desejar que todos celebrem o Natal como um momento,  uma oportunidade, de confraterniza\u00e7\u00e3o, esperan\u00e7a, paz e amor, junto a  seus entes queridos e que as  \t\t\tenergias a\u00ed trocadas resultem em muita for\u00e7a positiva para o ano de  2008.<\/p>\n<p style=\"text-align: right;\">Beijos para todos.<br \/>\nZulmira<\/p>\n","protected":false},"excerpt":{"rendered":"<p>Queremos o Plano de Cargos! Estamos sendo enrolados desde 2005, quando assumiram (governo) o compromisso da implanta\u00e7\u00e3o Plano de Carreira da Cultura. At\u00e9 o presente momento s\u00f3 fizeram nos enrolar. O Minist\u00e9rio do Planejamento ainda n\u00e2o se dignou sentar conosco para negociar a implanta\u00e7\u00e3o do Plano. At\u00e9 quando teremos que esperar? At\u00e9 quando teremos que [&hellip;]<\/p>\n","protected":false},"author":1,"featured_media":0,"comment_status":"closed","ping_status":"closed","sticky":false,"template":"","format":"standard","meta":{"_bbp_topic_count":0,"_bbp_reply_count":0,"_bbp_total_topic_count":0,"_bbp_total_reply_count":0,"_bbp_voice_count":0,"_bbp_anonymous_reply_count":0,"_bbp_topic_count_hidden":0,"_bbp_reply_count_hidden":0,"_bbp_forum_subforum_count":0,"ngg_post_thumbnail":0,"_links_to":"","_links_to_target":""},"categories":[7],"tags":[],"_links":{"self":[{"href":"http:\/\/www.asphan.org.br\/index.php\/wp-json\/wp\/v2\/posts\/137"}],"collection":[{"href":"http:\/\/www.asphan.org.br\/index.php\/wp-json\/wp\/v2\/posts"}],"about":[{"href":"http:\/\/www.asphan.org.br\/index.php\/wp-json\/wp\/v2\/types\/post"}],"author":[{"embeddable":true,"href":"http:\/\/www.asphan.org.br\/index.php\/wp-json\/wp\/v2\/users\/1"}],"replies":[{"embeddable":true,"href":"http:\/\/www.asphan.org.br\/index.php\/wp-json\/wp\/v2\/comments?post=137"}],"version-history":[{"count":1,"href":"http:\/\/www.asphan.org.br\/index.php\/wp-json\/wp\/v2\/posts\/137\/revisions"}],"predecessor-version":[{"id":138,"href":"http:\/\/www.asphan.org.br\/index.php\/wp-json\/wp\/v2\/posts\/137\/revisions\/138"}],"wp:attachment":[{"href":"http:\/\/www.asphan.org.br\/index.php\/wp-json\/wp\/v2\/media?parent=137"}],"wp:term":[{"taxonomy":"category","embeddable":true,"href":"http:\/\/www.asphan.org.br\/index.php\/wp-json\/wp\/v2\/categories?post=137"},{"taxonomy":"post_tag","embeddable":true,"href":"http:\/\/www.asphan.org.br\/index.php\/wp-json\/wp\/v2\/tags?post=137"}],"curies":[{"name":"wp","href":"https:\/\/api.w.org\/{rel}","templated":true}]}}