{"id":1407,"date":"2016-10-27T11:58:39","date_gmt":"2016-10-27T13:58:39","guid":{"rendered":"http:\/\/www.asphan.org.br\/index.php\/?p=1407"},"modified":"2016-10-27T11:58:39","modified_gmt":"2016-10-27T13:58:39","slug":"exposicao-do-presidente-da-asphan-no-comite-gestor-em-salvador","status":"publish","type":"post","link":"http:\/\/www.asphan.org.br\/index.php\/exposicao-do-presidente-da-asphan-no-comite-gestor-em-salvador","title":{"rendered":"Exposi\u00e7\u00e3o do presidente da Asphan no Comit\u00ea Gestor em Salvador"},"content":{"rendered":"<p>Argui\u00e7\u00e3o\u00a0de Leonardo Barreto, no Comit\u00ea Gestor, realizada no dia 21 de outubro de 2016 em Salvador &#8211; BA:<\/p>\n<p><img loading=\"lazy\" class=\"aligncenter size-large wp-image-1409\" src=\"http:\/\/www.asphan.org.br\/wp-content\/uploads\/2016\/10\/comitesalvador-640x334.png\" alt=\"comitesalvador\" width=\"640\" height=\"334\" srcset=\"http:\/\/www.asphan.org.br\/wp-content\/uploads\/2016\/10\/comitesalvador-640x334.png 640w, http:\/\/www.asphan.org.br\/wp-content\/uploads\/2016\/10\/comitesalvador-150x78.png 150w, http:\/\/www.asphan.org.br\/wp-content\/uploads\/2016\/10\/comitesalvador-768x401.png 768w, http:\/\/www.asphan.org.br\/wp-content\/uploads\/2016\/10\/comitesalvador-600x313.png 600w, http:\/\/www.asphan.org.br\/wp-content\/uploads\/2016\/10\/comitesalvador.png 1280w\" sizes=\"(max-width: 640px) 100vw, 640px\" \/><br \/>\nQuero inicialmente cumprimentar a todos os presentes e agradecer o convite da presidente do IPHAN, K\u00e1tia Bogea, para participar, como representante da <strong>ASPHAN<\/strong>, nesta reuni\u00e3o do comit\u00ea gestor. Destaco a import\u00e2ncia desse convite, que pela primeira vez acontece desde a cria\u00e7\u00e3o deste comit\u00ea. Espero que sinalize na dire\u00e7\u00e3o da democratiza\u00e7\u00e3o das rela\u00e7\u00f5es internas, transpar\u00eancia de atos e pacifica\u00e7\u00e3o das rela\u00e7\u00f5es trabalhistas por esta administra\u00e7\u00e3o. Parabenizo tamb\u00e9m pela iniciativa de transmitir essa reuni\u00e3o para toda a casa, pois al\u00e9m de dar visibilidade \u00e0s delibera\u00e7\u00f5es, elimina a intermedia\u00e7\u00e3o e, por conseguinte, o surgimento de ru\u00eddos de comunica\u00e7\u00e3o com os colegas espalhados por todo o brasil, tornando clara a dire\u00e7\u00e3o dada por esse comit\u00ea com rela\u00e7\u00e3o \u00e0s metas gerenciais e institucionais a serem alcan\u00e7adas. Tomo a liberdade de sugerir que o mesmo aconte\u00e7a com as reuni\u00f5es do conselho consultivo, n\u00e3o somente pela import\u00e2ncia das decis\u00f5es dali emanadas para a preserva\u00e7\u00e3o do patrim\u00f4nio cultural brasileiro, como tamb\u00e9m pelo brilhantismo de v\u00e1rios pareceres, que certamente muito contribuir\u00e3o para o aprimoramento t\u00e9cnico da institui\u00e7\u00e3o. Conhecendo a colega de longa data, que hoje preside a institui\u00e7\u00e3o, estou certo que trilharemos na dire\u00e7\u00e3o do somat\u00f3rio de esfor\u00e7os, pois sei do seu amor incondicional pela institui\u00e7\u00e3o a qual ambos e v\u00e1rios dos aqui presentes, por anos, dedicaram e dedicam seus melhores esfor\u00e7os e inten\u00e7\u00f5es.<\/p>\n<p>Cabe tamb\u00e9m cumprimentar ao ministro Marcelo Calero pela oportuna escolha, neste momento em que a autarquia se aproxima de seus 80 anos, ao indicar para presidir a institui\u00e7\u00e3o uma colega servidora, ap\u00f3s um hiato de cerca de vinte anos sem que um servidor de carreira estivesse no cargo m\u00e1ximo da casa. N\u00e3o \u00e9 somente simb\u00f3lico. \u00c9 de suma import\u00e2ncia na garantia de que nossas demandas trabalhistas e organizacionais sejam adequadamente apresentadas \u00e0s inst\u00e2ncias do poder executivo e legislativo, bem como para a autoestima dos colegas servidores, visto que por anos temos sido desvalorizados de forma injusta por diversos governos, que insistiram em n\u00e3o reconhecer a significativa contribui\u00e7\u00e3o dada pelo IPHAN e seus servidores \u00e0 preserva\u00e7\u00e3o do patrim\u00f4nio cultural brasileiro em sua imensa amplitude. Ainda com rela\u00e7\u00e3o ao ministro \u00e9 justo mencionar que, neste in\u00edcio de tratativas, tem demonstrado sensibilidade e respeito com as representa\u00e7\u00f5es dos servidores da Cultura. Esta assertiva tem se comprovado no dia a dia das reuni\u00f5es de trabalho, onde diferentemente de seus antecessores, tem comparecido \u00e0s reuni\u00f5es agendadas n\u00e3o enviando prepostos, que certamente s\u00e3o qualificados para as discuss\u00f5es, contudo este ato se reveste de simbolismo e respeito para com seus comandados. Temos f\u00e9 que este promissor caminho continue a ser seguido para que ven\u00e7amos os imensos desafios que temos pela frente no tocante \u00e0 reestrutura\u00e7\u00e3o do MinC e suas vinculadas.<\/p>\n<p>Antes de iniciar a exposi\u00e7\u00e3o de algumas considera\u00e7\u00f5es sobre demandas hist\u00f3ricas dos servidores, cumpre expressar a impress\u00e3o que tive da abertura dos trabalhos deste comit\u00ea nesta quarta-feira, dia 18 de outubro, proferida pela colega K\u00e1tia. Talvez aqueles que n\u00e3o estejam acostumados com seu modo de ser tenham se assustado com tanta franqueza e, porque n\u00e3o dizer, dureza das coloca\u00e7\u00f5es relativas \u00e0 sua vis\u00e3o institucional e da conjuntura atual. Aqueles que como eu compartilham de seu conv\u00edvio h\u00e1 muitos anos, ficaram aliviados em saber que nossa colega n\u00e3o cedeu ao sorriso falso ou maroto que costuma acompanhar o poder, que somente exp\u00f5e facilidades ou mentiras. Pois de suas coloca\u00e7\u00f5es nenhuma inverdade foi posta. Fal\u00e1cias como a tecnicidade pura da institui\u00e7\u00e3o e sua postura de virgem vestal, apol\u00edtica, nunca tiveram respaldo na realidade. Desde os tempos de Rodrigo a institui\u00e7\u00e3o \u00e9 pautada pela pol\u00edtica, como n\u00e3o poderia deixar de ser em um \u00f3rg\u00e3o de Estado. Somos uma organiza\u00e7\u00e3o pol\u00edtica tanto do ponto de vista das rela\u00e7\u00f5es governamentais e com a sociedade, como nos seus prop\u00f3sitos e fins. O que devemos almejar e buscar sempre \u00e9 a garantia do esp\u00edrito republicano nos atos, bem como lograr atingir os mais altos interesses da na\u00e7\u00e3o em nossas interfaces com os demais poderes e com a sociedade. Desta forma, fico evidentemente triste com os informes da conjuntura, mas confiante de que continuo tratando com a colega que nunca agiu dissimuladamente ou deixou desamparado um parceiro em nossas lutas. Congratula\u00e7\u00f5es por continuar expondo a verdade de modo franco e sincero. \u00c9 isto que creio todos esperam da presidente do IPHAN: clareza de prop\u00f3sitos. Podemos eventualmente n\u00e3o ter os mesmos pontos de vista, mas saberemos porque divergimos.<\/p>\n<p>Com rela\u00e7\u00e3o \u00e0s pautas salariais (plano de carreira, tabela emergencial e implanta\u00e7\u00e3o da Lei 12277\/10) j\u00e1 expostas em sua apresenta\u00e7\u00e3o, sabemos perfeitamente das dificuldades em sua resolu\u00e7\u00e3o, em particular neste momento, visto que em fases financeiramente mais favor\u00e1veis foram preteridas. O que demandamos \u2013 e posso acreditar que assim ser\u00e1 \u2013 \u00e9 que a presid\u00eancia e a diretoria continuem despendendo o mesmo esfor\u00e7o nesta quest\u00e3o, de maneira igualit\u00e1ria \u00e0quele com o qual obtiveram \u00eaxito na amplia\u00e7\u00e3o do cr\u00e9dito or\u00e7ament\u00e1rio. Pe\u00e7o \u00e0 presidente que mantenha a mesma indigna\u00e7\u00e3o que nos motivou a debater a quest\u00e3o com o ent\u00e3o secret\u00e1rio do Planejamento, Duvanier, h\u00e1 alguns anos atr\u00e1s. Fundamental em defesa da mem\u00f3ria t\u00e9cnica institucional, que seja revertida esta absurda pol\u00edtica de RH de terceirizar a \u00e1rea fim da institui\u00e7\u00e3o atrav\u00e9s de concursos tempor\u00e1rios, pois este valioso capital de conhecimento se perde por falta de continuidade e repasse dos saberes. Repugna a maioria de n\u00f3s a hip\u00f3crita e absurda gest\u00e3o de pessoas que faz com que servidores com anos de experi\u00eancia se sentem ao lado de colegas tempor\u00e1rios, muitos dos quais ainda carecendo de expertise t\u00e9cnica para atuar neste \u00f3rg\u00e3o, cujos sal\u00e1rios sejam o dobro do que percebem.<\/p>\n<p>O plano de sa\u00fade dos servidores do IPHAN urge passar por certame licitat\u00f3rio e novamente a <strong>ASPHAN<\/strong> se coloca publicamente \u00e0 disposi\u00e7\u00e3o para auxiliar na condu\u00e7\u00e3o do processo. In\u00fameros colegas hoje se encontram desprotegidos, sem a mais b\u00e1sica cobertura de sa\u00fade, pois seus rendimentos n\u00e3o permitem que arquem com os custos, hoje alt\u00edssimos, do plano de sa\u00fade vigente. Ademais, os dram\u00e1ticos acontecimentos ocorridos com os servidores do Ibram (que do dia para noite se viram desprovidos de cobertura m\u00e9dica) recomendam este procedimento, sob pena de sermos tamb\u00e9m apanhados de surpresa com o cancelamento do contrato com a Amil.<\/p>\n<p>N\u00e3o poderia deixar de mencionar, ainda em defesa dos interesses dos colegas servidores, que nas comemora\u00e7\u00f5es dos 80 anos, em conformidade com o v\u00eddeo que foi disponibilizado na internet, o olhar para dentro e a reflex\u00e3o interna de rumos seja a t\u00f4nica principal. Talvez n\u00e3o tenha compreendido bem, visto a transmiss\u00e3o apresentar dificuldades de \u00e1udio. Contudo, pensei que se temos que agir em rede, o primeiro passo seria fazer com que aqueles que est\u00e3o nos pontos mais distantes tenham a oportunidade de se manifestar. Deste modo, lembro que um dos pilares da casa ainda s\u00e3o os escrit\u00f3rios t\u00e9cnicos, formados por indiv\u00edduos que garantem, muitas vezes, a raz\u00e3o de ser da institui\u00e7\u00e3o e sua capilaridade com a comunidade. \u00d3tima a proposta de pelo menos dotar todos os ETS de DAS 2 \u2013 o que \u00e9 just\u00edssimo; entretanto, estes colegas, desde o encontro em S\u00e3o Francisco do Sul, realizado h\u00e1 cerca de oito anos, n\u00e3o mais tiveram a oportunidade de trocar experi\u00eancias. Fica nossa sugest\u00e3o.<\/p>\n<p>Como corretamente apontou o novo diretor do DPI, a casa \u00e9 assim\u00e9trica, o que n\u00e3o lhe faz bem. Essa assimetria se faz notar em v\u00e1rias especialidades e de diversificados modos, e, evidentemente, deve essa gest\u00e3o se esfor\u00e7ar para eliminar tais distor\u00e7\u00f5es. E a\u00ed volto \u00e0 quest\u00e3o, se queremos nos tornar refer\u00eancia novamente, se queremos nos comunicar, n\u00e3o precisamos somente de uma \u00e1rea de comunica\u00e7\u00e3o e marketing, necessitamos tratar nossa mem\u00f3ria institucional como base para a formula\u00e7\u00e3o de nossa estrat\u00e9gia de intelig\u00eancia competitiva e de Estado. Os poucos profissionais de biblioteconomia e arquivologia se encontram, ainda mais desmotivados do que os demais, sem perspectivas e com aus\u00eancia de uma diretriz conceitual emanada de seu coletivo com base em sua expertise t\u00e9cnica. Nunca foram incentivados e nem lhes foi permitida esta constru\u00e7\u00e3o. Fica, pois, o pleito de integra\u00e7\u00e3o e respeito aos profissionais da \u00e1rea de documenta\u00e7\u00e3o pela atual gest\u00e3o. \u00a0Pleito que certamente ter\u00e1 acolhida pela historiadora K\u00e1tia Bogea. Urgem esclarecimentos sobre o recebimento das GDACs pelos aposentados, assim como sobre o novo ataque aos direitos dos anistiados, servidores que foram desligados sem crit\u00e9rios administrativos nos sombrios tempos da era Collor. Espero que tais pontos sejam abordados na fala da diretoria de planejamento ou posteriormente respondidos. Muitos s\u00e3o os pontos a serem mencionados, mas entendo que o principal aqui se encontra exposto e espero que outras oportunidades sejam dadas a <strong>ASPHAN<\/strong> de se comunicar a este comit\u00ea.<\/p>\n<p>Aos superintendentes que ora ingressam na institui\u00e7\u00e3o, um pequeno conselho deste colega: n\u00e3o deixem de valorizar e apoiar os servidores de carreira da casa, pois apesar de desmotivados pelos anos de baixos sal\u00e1rios e tratamentos desiguais, nunca deixaram de demonstrar sua dedica\u00e7\u00e3o ao nosso objeto de trabalho, e se esta institui\u00e7\u00e3o ainda existe, apesar de todos os percal\u00e7os, \u00e9 gra\u00e7as a estes trabalhadores da Cultura.<\/p>\n<p>&nbsp;<\/p>\n<p>Abra\u00e7o a todos, grato pela aten\u00e7\u00e3o e mais uma vez sucesso na gest\u00e3o, cara amiga K\u00e1tia Bogea.<\/p>\n<p>&nbsp;<\/p>\n<p>Leonardo Barreto de Oliveira,<\/p>\n<p>Presidente da<strong> ASPHAN<\/strong><\/p>\n","protected":false},"excerpt":{"rendered":"<p>Argui\u00e7\u00e3o\u00a0de Leonardo Barreto, no Comit\u00ea Gestor, realizada no dia 21 de outubro de 2016 em Salvador &#8211; BA: Quero inicialmente cumprimentar a todos os presentes e agradecer o convite da presidente do IPHAN, K\u00e1tia Bogea, para participar, como representante da ASPHAN, nesta reuni\u00e3o do comit\u00ea gestor. Destaco a import\u00e2ncia desse convite, que pela primeira vez [&hellip;]<\/p>\n","protected":false},"author":3,"featured_media":0,"comment_status":"closed","ping_status":"closed","sticky":false,"template":"","format":"standard","meta":{"_bbp_topic_count":0,"_bbp_reply_count":0,"_bbp_total_topic_count":0,"_bbp_total_reply_count":0,"_bbp_voice_count":0,"_bbp_anonymous_reply_count":0,"_bbp_topic_count_hidden":0,"_bbp_reply_count_hidden":0,"_bbp_forum_subforum_count":0,"ngg_post_thumbnail":0,"_links_to":"","_links_to_target":""},"categories":[7,18],"tags":[],"_links":{"self":[{"href":"http:\/\/www.asphan.org.br\/index.php\/wp-json\/wp\/v2\/posts\/1407"}],"collection":[{"href":"http:\/\/www.asphan.org.br\/index.php\/wp-json\/wp\/v2\/posts"}],"about":[{"href":"http:\/\/www.asphan.org.br\/index.php\/wp-json\/wp\/v2\/types\/post"}],"author":[{"embeddable":true,"href":"http:\/\/www.asphan.org.br\/index.php\/wp-json\/wp\/v2\/users\/3"}],"replies":[{"embeddable":true,"href":"http:\/\/www.asphan.org.br\/index.php\/wp-json\/wp\/v2\/comments?post=1407"}],"version-history":[{"count":2,"href":"http:\/\/www.asphan.org.br\/index.php\/wp-json\/wp\/v2\/posts\/1407\/revisions"}],"predecessor-version":[{"id":1411,"href":"http:\/\/www.asphan.org.br\/index.php\/wp-json\/wp\/v2\/posts\/1407\/revisions\/1411"}],"wp:attachment":[{"href":"http:\/\/www.asphan.org.br\/index.php\/wp-json\/wp\/v2\/media?parent=1407"}],"wp:term":[{"taxonomy":"category","embeddable":true,"href":"http:\/\/www.asphan.org.br\/index.php\/wp-json\/wp\/v2\/categories?post=1407"},{"taxonomy":"post_tag","embeddable":true,"href":"http:\/\/www.asphan.org.br\/index.php\/wp-json\/wp\/v2\/tags?post=1407"}],"curies":[{"name":"wp","href":"https:\/\/api.w.org\/{rel}","templated":true}]}}