{"id":1522,"date":"2017-03-30T11:23:04","date_gmt":"2017-03-30T14:23:04","guid":{"rendered":"http:\/\/www.asphan.org.br\/index.php\/?p=1522"},"modified":"2017-03-30T11:23:04","modified_gmt":"2017-03-30T14:23:04","slug":"mpfrj-recomenda-ao-ministerio-da-cultura-tornar-sem-efeito-nomeacao-de-superintendente-do-iphan-rj","status":"publish","type":"post","link":"http:\/\/www.asphan.org.br\/index.php\/mpfrj-recomenda-ao-ministerio-da-cultura-tornar-sem-efeito-nomeacao-de-superintendente-do-iphan-rj","title":{"rendered":"MPF\/RJ recomenda ao Minist\u00e9rio da Cultura tornar sem efeito nomea\u00e7\u00e3o de Superintendente do Iphan-RJ"},"content":{"rendered":"<p><a href=\"http:\/\/www.mpf.mp.br\/rj\/sala-de-imprensa\/noticias-rj\/mpf-rj-recomenda-ao-ministerio-da-cultura-tornar-sem-efeito-nomeacao-de-superintendente-do-iphan-rj\">Via MPF\/RJ<\/a><\/p>\n<p>O Minist\u00e9rio P\u00fablico Federal no Rio de Janeiro (MPF\/RJ) expediu ontem (29\/03) recomenda\u00e7\u00e3o dirigida ao ministro da Cultura, Roberto Freire, e ao ministro-chefe da Casa Civil, Eliseu Padilha, para que tornem sem efeito a nomea\u00e7\u00e3o de Cl\u00e1udio Roberto Mendon\u00e7a Schiphorst para o cargo de superintendente do Instituto do Patrim\u00f4nio Hist\u00f3rico e Art\u00edstico Nacional (Iphan) no estado do Rio de Janeiro. Para o MPF, a nomea\u00e7\u00e3o, publicada em portaria assinada em 22 de mar\u00e7o pelo secret\u00e1rio-executivo substituto do Minist\u00e9rio da Cultura, contraria os princ\u00edpios constitucionais da legalidade, impessoalidade, moralidade e efici\u00eancia, porque o nomeado j\u00e1 foi condenado em primeira inst\u00e2ncia \u00e0 suspens\u00e3o de seus direitos pol\u00edticos, em a\u00e7\u00e3o de improbidade administrativa na qual tamb\u00e9m \u00e9 r\u00e9 a ex-governadora do estado, Rosinha Garotinho.<\/p>\n<p>Clique <a class=\"external-link\" title=\"\" href=\"http:\/\/www.mpf.mp.br\/rj\/sala-de-imprensa\/docs\/pr-rj\/recomendacao-iphan\/view\" target=\"_self\">aqui <\/a>e leia a \u00edntegra da recomenda\u00e7\u00e3o.<\/p>\n<p>Cl\u00e1udio Mendon\u00e7a era, \u00e0 \u00e9poca, secret\u00e1rio estadual de Educa\u00e7\u00e3o e, segundo senten\u00e7a da 14<sup>a<\/sup> Vara da Fazenda P\u00fablica, causou dano ao er\u00e1rio<b> <\/b>ao contratar, sem licita\u00e7\u00e3o, a Funda\u00e7\u00e3o Euclides da Cunha para instala\u00e7\u00e3o de 254 salas de inform\u00e1tica no estado. Ainda de acordo com a senten\u00e7a, n\u00e3o houve \u201ccomprova\u00e7\u00e3o de instala\u00e7\u00e3o dos laborat\u00f3rios de inform\u00e1tica pelo r\u00e9u, mas t\u00e3o somente servi\u00e7os inerentes \u00e0 prepara\u00e7\u00e3o de salas para a posterior instala\u00e7\u00e3o desses laborat\u00f3rios\u201d.<\/p>\n<p>Em rela\u00e7\u00e3o a Mendon\u00e7a, ainda constam uma condena\u00e7\u00e3o no Tribunal de Contas do Estado, por ter deixado de prestar contas de recursos transferidos a entidade, e uma condena\u00e7\u00e3o na Justi\u00e7a Eleitoral, por ter promovido propaganda eleitoral indevida.<\/p>\n<p>Na recomenda\u00e7\u00e3o, subscrita pelos cinco procuradores da Rep\u00fablica com atribui\u00e7\u00e3o para a prote\u00e7\u00e3o do patrim\u00f4nio hist\u00f3rico nacional no estado, o MPF tamb\u00e9m menciona a falta de experi\u00eancia ou forma\u00e7\u00e3o espec\u00edfica do indicado para o exerc\u00edcio do cargo. Segundo curr\u00edculo constante do site que Cl\u00e1udio Mendon\u00e7a mant\u00e9m na Internet, n\u00e3o h\u00e1 registro de forma\u00e7\u00e3o, experi\u00eancia ou atividade profissional desenvolvida por ele na \u00e1rea de preserva\u00e7\u00e3o e promo\u00e7\u00e3o do patrim\u00f4nio hist\u00f3rico e cultural, aponta a recomenda\u00e7\u00e3o.<\/p>\n<p>Criado em 1937, a partir de iniciativa de Gustavo Capanema, o Iphan tem por fun\u00e7\u00f5es, dentre outras, coordenar a implementa\u00e7\u00e3o da pol\u00edtica de preserva\u00e7\u00e3o do patrim\u00f4nio cultural brasileiro; promover o reconhecimento e registro do patrim\u00f4nio cultural brasileiro; fiscalizar o patrim\u00f4nio cultural protegido pela Uni\u00e3o, com vistas a garantir a sua preserva\u00e7\u00e3o; exercer o poder de pol\u00edcia administrativa, aplicando as san\u00e7\u00f5es previstas em lei; promover e apoiar a forma\u00e7\u00e3o t\u00e9cnica especializada em preserva\u00e7\u00e3o do patrim\u00f4nio cultural.<\/p>\n<p>A recomenda\u00e7\u00e3o salienta que, de acordo com a legisla\u00e7\u00e3o em vigor, o superintendente estadual do \u00f3rg\u00e3o exerce fun\u00e7\u00f5es que demandam conhecimento t\u00e9cnico e experi\u00eancia na \u00e1rea, incumbindo-lhe, dentre outras atribui\u00e7\u00f5es, \u201cplanejar, dirigir, coordenar, orientar a execu\u00e7\u00e3o, e promover a supervis\u00e3o t\u00e9cnica do \u00f3rg\u00e3o\u201d.<\/p>\n<p>Para o MPF, \u201cas nomea\u00e7\u00f5es para cargos p\u00fablicos, ainda que para cargos em comiss\u00e3o, devem observar os princ\u00edpios constitucionais de legalidade, impessoalidade, moralidade, publicidade e efici\u00eancia\u201d.<\/p>\n<p>Em observ\u00e2ncia ao art. 8\u00ba da Lei Complementar n\u00ba 75\/93, as recomenda\u00e7\u00f5es foram enviadas ao procurador-geral da Rep\u00fablica (PGR), Rodrigo Janot, para que sejam por ele oficialmente encaminhadas aos ministros. De acordo com o MPF, os ministros devem tornar sem efeito a portaria de nomea\u00e7\u00e3o ou promover a exonera\u00e7\u00e3o de Mendon\u00e7a, caso j\u00e1 tenha acontecido a posse.<\/p>\n","protected":false},"excerpt":{"rendered":"<p>Via MPF\/RJ O Minist\u00e9rio P\u00fablico Federal no Rio de Janeiro (MPF\/RJ) expediu ontem (29\/03) recomenda\u00e7\u00e3o dirigida ao ministro da Cultura, Roberto Freire, e ao ministro-chefe da Casa Civil, Eliseu Padilha, para que tornem sem efeito a nomea\u00e7\u00e3o de Cl\u00e1udio Roberto Mendon\u00e7a Schiphorst para o cargo de superintendente do Instituto do Patrim\u00f4nio Hist\u00f3rico e Art\u00edstico Nacional [&hellip;]<\/p>\n","protected":false},"author":3,"featured_media":0,"comment_status":"closed","ping_status":"closed","sticky":false,"template":"","format":"standard","meta":{"_bbp_topic_count":0,"_bbp_reply_count":0,"_bbp_total_topic_count":0,"_bbp_total_reply_count":0,"_bbp_voice_count":0,"_bbp_anonymous_reply_count":0,"_bbp_topic_count_hidden":0,"_bbp_reply_count_hidden":0,"_bbp_forum_subforum_count":0,"ngg_post_thumbnail":0,"_links_to":"","_links_to_target":""},"categories":[7,18],"tags":[],"_links":{"self":[{"href":"http:\/\/www.asphan.org.br\/index.php\/wp-json\/wp\/v2\/posts\/1522"}],"collection":[{"href":"http:\/\/www.asphan.org.br\/index.php\/wp-json\/wp\/v2\/posts"}],"about":[{"href":"http:\/\/www.asphan.org.br\/index.php\/wp-json\/wp\/v2\/types\/post"}],"author":[{"embeddable":true,"href":"http:\/\/www.asphan.org.br\/index.php\/wp-json\/wp\/v2\/users\/3"}],"replies":[{"embeddable":true,"href":"http:\/\/www.asphan.org.br\/index.php\/wp-json\/wp\/v2\/comments?post=1522"}],"version-history":[{"count":2,"href":"http:\/\/www.asphan.org.br\/index.php\/wp-json\/wp\/v2\/posts\/1522\/revisions"}],"predecessor-version":[{"id":1524,"href":"http:\/\/www.asphan.org.br\/index.php\/wp-json\/wp\/v2\/posts\/1522\/revisions\/1524"}],"wp:attachment":[{"href":"http:\/\/www.asphan.org.br\/index.php\/wp-json\/wp\/v2\/media?parent=1522"}],"wp:term":[{"taxonomy":"category","embeddable":true,"href":"http:\/\/www.asphan.org.br\/index.php\/wp-json\/wp\/v2\/categories?post=1522"},{"taxonomy":"post_tag","embeddable":true,"href":"http:\/\/www.asphan.org.br\/index.php\/wp-json\/wp\/v2\/tags?post=1522"}],"curies":[{"name":"wp","href":"https:\/\/api.w.org\/{rel}","templated":true}]}}