{"id":1550,"date":"2017-07-20T11:35:13","date_gmt":"2017-07-20T14:35:13","guid":{"rendered":"http:\/\/www.asphan.org.br\/index.php\/?p=1550"},"modified":"2017-07-20T11:35:13","modified_gmt":"2017-07-20T14:35:13","slug":"dissidio-coletivo-de-89-informe-aos-colegas-de-fora-do-rio-de-janeiro","status":"publish","type":"post","link":"http:\/\/www.asphan.org.br\/index.php\/dissidio-coletivo-de-89-informe-aos-colegas-de-fora-do-rio-de-janeiro","title":{"rendered":"Diss\u00eddio Coletivo de 89: informe aos colegas de fora do Rio de Janeiro"},"content":{"rendered":"<p>Caros colegas,<\/p>\n<p><span style=\"font-weight: 400;\">Participei juntamente com Lucineide Le\u00f4ncio, Zulmira Pope e Dayse<\/span><span style=\"font-weight: 400;\">,<\/span><span style=\"font-weight: 400;\"> secret\u00e1ria da Associa\u00e7\u00e3o, de reuni\u00e3o com a advogada Dra. Claudia Duranti, no dia 05\/06\/2017, para esclarecer pontos com rela\u00e7\u00e3o \u00e0 A\u00e7\u00e3o n\u00ba 0112200-87.1990.5.01.0020. &nbsp;Uma quest\u00e3o que tem sido objeto de grande quantidade de perguntas, refere-se ao prosseguimento da a\u00e7\u00e3o em rela\u00e7\u00e3o \u00e0queles que ainda n\u00e3o foram alcan\u00e7ados pela senten\u00e7a favor\u00e1vel, em virtude de questionamentos da AGU. <\/span><span style=\"font-weight: 400;\">A advogada nos informou que t\u00e3o logo seja finalizado o processamento das RPVs, ela entrar\u00e1 com os documentos comprobat\u00f3rios em resposta aos entraves postos pela AGU<\/span><span style=\"font-weight: 400;\">.<\/span><\/p>\n<p><span style=\"font-weight: 400;\">Neste comunicado, portanto, trataremos em espec\u00edfico deste tema, ou seja: os associados cuja situa\u00e7\u00e3o foi objeto de questionamentos, pela AGU, sobre o&nbsp;Senalba n\u00e3o representar os servidores de fora do Rio de Janeiro. Com rela\u00e7\u00e3o a esta quest\u00e3o, estamos trabalhando para derrubar os argumentos da AGU, atrav\u00e9s da apresenta\u00e7\u00e3o de documentos comprobat\u00f3rios de que toda a arrecada\u00e7\u00e3o era feita em nome do Senalba. <\/span><\/p>\n<p><span style=\"font-weight: 400;\">V\u00e1rios colegas acharam anotado nas suas carteiras de trabalho este desconto para o Senalba. Assim, nossa estrat\u00e9gia \u00e9 recolher o maior n\u00famero poss\u00edvel deste tipo de registro para facilitar a decis\u00e3o judicial com refer\u00eancia a este questionamento absurdo da AGU. Solicitamos, portanto, que os colegas verifiquem em suas carteiras de trabalho se consta esta anota\u00e7\u00e3o e enviem para a <\/span><b>ASPHAN<\/b><span style=\"font-weight: 400;\">. \u00c9 importante fotoc\u00f3pia da p\u00e1gina inicial que tem a foto, da que cont\u00e9m os dados do servidor e daquela onde consta o desconto, todas devidamente autenticadas em cart\u00f3rio.<\/span><\/p>\n<p><span style=\"font-weight: 400;\">J\u00e1 temos os documentos citados acima de servidores de alguns Estados. Mas \u00e9 importante que nos sejam enviados o maior n\u00famero poss\u00edvel de c\u00f3pias, provenientes de v\u00e1rios estados da Uni\u00e3o para n\u00e3o restar d\u00favida sobre a corre\u00e7\u00e3o de nosso pleito. Avise aos seus colegas interessados no assunto.<\/span><\/p>\n<p><span style=\"font-weight: 400;\">Atenciosamente,<\/span><span style=\"font-weight: 400;\"><br \/>\n<\/span><span style=\"font-weight: 400;\">Leonardo Barreto<br \/>\n<\/span><span style=\"font-weight: 400;\">Presidente <\/span><b>ASPHAN<\/b><\/p>\n","protected":false},"excerpt":{"rendered":"<p>Caros colegas, Participei juntamente com Lucineide Le\u00f4ncio, Zulmira Pope e Dayse, secret\u00e1ria da Associa\u00e7\u00e3o, de reuni\u00e3o com a advogada Dra. Claudia Duranti, no dia 05\/06\/2017, para esclarecer pontos com rela\u00e7\u00e3o \u00e0 A\u00e7\u00e3o n\u00ba 0112200-87.1990.5.01.0020. &nbsp;Uma quest\u00e3o que tem sido objeto de grande quantidade de perguntas, refere-se ao prosseguimento da a\u00e7\u00e3o em rela\u00e7\u00e3o \u00e0queles que ainda [&hellip;]<\/p>\n","protected":false},"author":3,"featured_media":0,"comment_status":"closed","ping_status":"closed","sticky":false,"template":"","format":"standard","meta":{"_bbp_topic_count":0,"_bbp_reply_count":0,"_bbp_total_topic_count":0,"_bbp_total_reply_count":0,"_bbp_voice_count":0,"_bbp_anonymous_reply_count":0,"_bbp_topic_count_hidden":0,"_bbp_reply_count_hidden":0,"_bbp_forum_subforum_count":0,"ngg_post_thumbnail":0,"_links_to":"","_links_to_target":""},"categories":[17,7,18],"tags":[],"_links":{"self":[{"href":"http:\/\/www.asphan.org.br\/index.php\/wp-json\/wp\/v2\/posts\/1550"}],"collection":[{"href":"http:\/\/www.asphan.org.br\/index.php\/wp-json\/wp\/v2\/posts"}],"about":[{"href":"http:\/\/www.asphan.org.br\/index.php\/wp-json\/wp\/v2\/types\/post"}],"author":[{"embeddable":true,"href":"http:\/\/www.asphan.org.br\/index.php\/wp-json\/wp\/v2\/users\/3"}],"replies":[{"embeddable":true,"href":"http:\/\/www.asphan.org.br\/index.php\/wp-json\/wp\/v2\/comments?post=1550"}],"version-history":[{"count":2,"href":"http:\/\/www.asphan.org.br\/index.php\/wp-json\/wp\/v2\/posts\/1550\/revisions"}],"predecessor-version":[{"id":1553,"href":"http:\/\/www.asphan.org.br\/index.php\/wp-json\/wp\/v2\/posts\/1550\/revisions\/1553"}],"wp:attachment":[{"href":"http:\/\/www.asphan.org.br\/index.php\/wp-json\/wp\/v2\/media?parent=1550"}],"wp:term":[{"taxonomy":"category","embeddable":true,"href":"http:\/\/www.asphan.org.br\/index.php\/wp-json\/wp\/v2\/categories?post=1550"},{"taxonomy":"post_tag","embeddable":true,"href":"http:\/\/www.asphan.org.br\/index.php\/wp-json\/wp\/v2\/tags?post=1550"}],"curies":[{"name":"wp","href":"https:\/\/api.w.org\/{rel}","templated":true}]}}