{"id":1556,"date":"2017-08-30T15:19:27","date_gmt":"2017-08-30T18:19:27","guid":{"rendered":"http:\/\/www.asphan.org.br\/index.php\/?p=1556"},"modified":"2017-08-30T15:19:27","modified_gmt":"2017-08-30T18:19:27","slug":"incorporacao-de-percentuais-da-gdac","status":"publish","type":"post","link":"http:\/\/www.asphan.org.br\/index.php\/incorporacao-de-percentuais-da-gdac","title":{"rendered":"Incorpora\u00e7\u00e3o de percentuais da GDAC"},"content":{"rendered":"<p><span style=\"font-weight: 400;\">Caros Colegas,<\/span><\/p>\n<p><span style=\"font-weight: 400;\">A CONDSEF assinou com o Governo Federal acordo relativo \u00e0 incorpora\u00e7\u00e3o de percentuais da&nbsp;<\/span><span style=\"font-weight: 400;\">GDAC, de forma gradativa at\u00e9 o ano de 2019, sendo que neste ano, os aposentados e&nbsp;<\/span><span style=\"font-weight: 400;\">pensionistas do servi\u00e7o p\u00fablico, receberiam na integralidade os valores que fariam jus, de&nbsp;<\/span><span style=\"font-weight: 400;\">acordo com m\u00e9dia das avalia\u00e7\u00f5es de desempenho recebidas nos \u00faltimos cinco anos. Este acordo, inclusive, j\u00e1 chegou a ser convertido em lei, atrav\u00e9s de vota\u00e7\u00e3o no Congresso.<\/span><\/p>\n<p><span style=\"font-weight: 400;\">Contudo, j\u00e1 no primeiro ano de implanta\u00e7\u00e3o, ou seja, 2017, a incorpora\u00e7\u00e3o n\u00e3o ocorreu,&nbsp;<\/span><span style=\"font-weight: 400;\">frustrando as expectativas do conjunto dos servidores, e se configurando num claro&nbsp;<\/span><span style=\"font-weight: 400;\">descumprimento de acordo trabalhista.<\/span><\/p>\n<p><span style=\"font-weight: 400;\">Desde que vem ocorrendo esta absurda a\u00e7\u00e3o protagonizada pelo Governo Federal, a <\/span><b>ASPHAN&nbsp;<\/b><span style=\"font-weight: 400;\">tem utilizado de todos os meios administrativos para obter esta repara\u00e7\u00e3o. A partir de mar\u00e7o,&nbsp;<\/span><span style=\"font-weight: 400;\">ao buscarmos informa\u00e7\u00f5es, obtivemos sistematicamente a mesma explica\u00e7\u00e3o dada pelo&nbsp;<\/span><span style=\"font-weight: 400;\">Minist\u00e9rio do Planejamento \u2013 \u201cse tratava de problema de operacionaliza\u00e7\u00e3o da inclus\u00e3o na&nbsp;<\/span><span style=\"font-weight: 400;\">folha\u201d. Sendo sempre gerada a expectativa de que, no \u201cpr\u00f3ximo\u201d m\u00eas, a situa\u00e7\u00e3o se resolveria.<\/span><\/p>\n<p><span style=\"font-weight: 400;\">No m\u00eas de junho, a paci\u00eancia da dire\u00e7\u00e3o da Associa\u00e7\u00e3o (e pelo que soubemos de alguns&nbsp;<\/span><span style=\"font-weight: 400;\">Sindicatos tamb\u00e9m) terminou e solicitamos, ent\u00e3o, \u00e0 nossa assessoria jur\u00eddica que estudasse o&nbsp;<\/span><span style=\"font-weight: 400;\">ingresso de a\u00e7\u00e3o em ju\u00edzo, visando obrigar a Uni\u00e3o a cumprir o acordo assinado, que, diga-se de passagem, n\u00e3o \u00e9 l\u00e1 dos melhores.&nbsp;<\/span>Mas, enfim, foi o documento acordado pelas partes.<\/p>\n<p>Algumas assembleias foram realizadas com os aposentados, com o objetivo de coletar assinaturas apoiando esta proposi\u00e7\u00e3o de a\u00e7\u00e3o judicial. Entretanto, neste meio tempo, tivemos mais uma vez a informa\u00e7\u00e3o de que seriam pagos, no pr\u00f3ximo m\u00eas, os valores referentes \u00e0 incorpora\u00e7\u00e3o da parcela referente a 2017, bem como do passivo gerado pelo n\u00e3o pagamento nos meses desde o come\u00e7o deste ano.<\/p>\n<p><span style=\"font-weight: 400;\">De fato, constam na pr\u00e9via do contracheque de v\u00e1rios aposentados e pensionistas estes valores, por\u00e9m n\u00e3o foram contemplados todos os que teriam direito a este t\u00f3pico do acordo trabalhista. Ao consultarmos o Departamento de Planejamento do IPHAN, fomos informados que a autarquia solicitou informa\u00e7\u00f5es junto ao Minist\u00e9rio do Planejamento, de modo formal, e aguarda resposta, por ter detectado tamb\u00e9m este problema. <\/span><\/p>\n<p><span style=\"font-weight: 400;\">Na apura\u00e7\u00e3o institucional, verificou-se a previs\u00e3o de recebimento no m\u00eas de setembro por parte de 69 aposentados e um pensionista, por\u00e9m na interpreta\u00e7\u00e3o administrativa do citado departamento, fariam jus pela Lei em vigor, 208 aposentados e cinco pensionistas. No Ibram, a situa\u00e7\u00e3o tamb\u00e9m ocorreu de modo semelhante. <\/span><\/p>\n<p><span style=\"font-weight: 400;\">Deste modo, continuaremos cobrando explica\u00e7\u00f5es e corre\u00e7\u00f5es da aplica\u00e7\u00e3o do acordo trabalhista. Importante dizer que o instrumento jur\u00eddico ser\u00e1 acionado caso n\u00e3o haja imediata corre\u00e7\u00e3o pelo Minist\u00e9rio do Planejamento com rela\u00e7\u00e3o ao rol de servidores a serem abrangidos pelo Acordo. Temos a certeza que este pagamento que ocorrer\u00e1 para parcela dos servidores, no m\u00eas de setembro, somente est\u00e1 acontecendo em fun\u00e7\u00e3o da verifica\u00e7\u00e3o por parte do Governo Federal de que os funcion\u00e1rios p\u00fablicos iniciavam uma mobiliza\u00e7\u00e3o jur\u00eddica e pol\u00edtica nesta quest\u00e3o.<\/span><\/p>\n<p><span style=\"font-weight: 400;\">Atenciosamente,<br \/>\n<\/span><span style=\"font-weight: 400;\">Dire\u00e7\u00e3o <\/span><b>ASPHAN<\/b><\/p>\n","protected":false},"excerpt":{"rendered":"<p>Caros Colegas, A CONDSEF assinou com o Governo Federal acordo relativo \u00e0 incorpora\u00e7\u00e3o de percentuais da&nbsp;GDAC, de forma gradativa at\u00e9 o ano de 2019, sendo que neste ano, os aposentados e&nbsp;pensionistas do servi\u00e7o p\u00fablico, receberiam na integralidade os valores que fariam jus, de&nbsp;acordo com m\u00e9dia das avalia\u00e7\u00f5es de desempenho recebidas nos \u00faltimos cinco anos. Este [&hellip;]<\/p>\n","protected":false},"author":3,"featured_media":0,"comment_status":"closed","ping_status":"closed","sticky":false,"template":"","format":"standard","meta":{"_bbp_topic_count":0,"_bbp_reply_count":0,"_bbp_total_topic_count":0,"_bbp_total_reply_count":0,"_bbp_voice_count":0,"_bbp_anonymous_reply_count":0,"_bbp_topic_count_hidden":0,"_bbp_reply_count_hidden":0,"_bbp_forum_subforum_count":0,"ngg_post_thumbnail":0,"_links_to":"","_links_to_target":""},"categories":[17,7,18],"tags":[],"_links":{"self":[{"href":"http:\/\/www.asphan.org.br\/index.php\/wp-json\/wp\/v2\/posts\/1556"}],"collection":[{"href":"http:\/\/www.asphan.org.br\/index.php\/wp-json\/wp\/v2\/posts"}],"about":[{"href":"http:\/\/www.asphan.org.br\/index.php\/wp-json\/wp\/v2\/types\/post"}],"author":[{"embeddable":true,"href":"http:\/\/www.asphan.org.br\/index.php\/wp-json\/wp\/v2\/users\/3"}],"replies":[{"embeddable":true,"href":"http:\/\/www.asphan.org.br\/index.php\/wp-json\/wp\/v2\/comments?post=1556"}],"version-history":[{"count":2,"href":"http:\/\/www.asphan.org.br\/index.php\/wp-json\/wp\/v2\/posts\/1556\/revisions"}],"predecessor-version":[{"id":1558,"href":"http:\/\/www.asphan.org.br\/index.php\/wp-json\/wp\/v2\/posts\/1556\/revisions\/1558"}],"wp:attachment":[{"href":"http:\/\/www.asphan.org.br\/index.php\/wp-json\/wp\/v2\/media?parent=1556"}],"wp:term":[{"taxonomy":"category","embeddable":true,"href":"http:\/\/www.asphan.org.br\/index.php\/wp-json\/wp\/v2\/categories?post=1556"},{"taxonomy":"post_tag","embeddable":true,"href":"http:\/\/www.asphan.org.br\/index.php\/wp-json\/wp\/v2\/tags?post=1556"}],"curies":[{"name":"wp","href":"https:\/\/api.w.org\/{rel}","templated":true}]}}