{"id":1563,"date":"2017-09-18T11:29:15","date_gmt":"2017-09-18T14:29:15","guid":{"rendered":"http:\/\/www.asphan.org.br\/index.php\/?p=1563"},"modified":"2017-09-18T11:29:15","modified_gmt":"2017-09-18T14:29:15","slug":"reuniao-com-representantes-do-ibram","status":"publish","type":"post","link":"http:\/\/www.asphan.org.br\/index.php\/reuniao-com-representantes-do-ibram","title":{"rendered":"Reuni\u00e3o com representantes do IBRAM"},"content":{"rendered":"<p><span style=\"font-weight: 400;\"><img loading=\"lazy\" class=\"aligncenter size-large wp-image-1564\" src=\"http:\/\/www.asphan.org.br\/wp-content\/uploads\/2017\/09\/IMG_20170905_161848101_HDR-640x360.jpg\" alt=\"\" width=\"640\" height=\"360\" srcset=\"http:\/\/www.asphan.org.br\/wp-content\/uploads\/2017\/09\/IMG_20170905_161848101_HDR-640x360.jpg 640w, http:\/\/www.asphan.org.br\/wp-content\/uploads\/2017\/09\/IMG_20170905_161848101_HDR-150x84.jpg 150w, http:\/\/www.asphan.org.br\/wp-content\/uploads\/2017\/09\/IMG_20170905_161848101_HDR-768x432.jpg 768w, http:\/\/www.asphan.org.br\/wp-content\/uploads\/2017\/09\/IMG_20170905_161848101_HDR-600x338.jpg 600w\" sizes=\"(max-width: 640px) 100vw, 640px\" \/><br \/>\nA cerca de dois meses atr\u00e1s, fui informado da dissolu\u00e7\u00e3o da ASBRAM, o que sinceramente lamentei, pois o caro colega Andr\u00e9 Angulo vinha fazendo o poss\u00edvel para defender os interesses dos servidores do IBRAM. Em fun\u00e7\u00e3o da exist\u00eancia daquela associa\u00e7\u00e3o espec\u00edfica, vinha evitando uma a\u00e7\u00e3o mais ostensiva em rela\u00e7\u00e3o \u00e0 dire\u00e7\u00e3o do IBRAM, agindo de forma solid\u00e1ria \u00e0 ASBRAM, nos pleitos relativos aos servidores, de maneira a n\u00e3o denotar qualquer tipo de competi\u00e7\u00e3o pelos associados.<\/span><\/p>\n<p><span style=\"font-weight: 400;\">Temos, contudo, significativo n\u00famero de colegas que nos honraram com sua perman\u00eancia na <\/span><b>ASPHAN<\/b><span style=\"font-weight: 400;\">, seja em fun\u00e7\u00e3o dos la\u00e7os de amizade com os colegas do IPHAN, seja em virtude de a\u00e7\u00f5es judiciais, e evidentemente procurei defender com mesmo afinco seus interesses, por\u00e9m de forma discreta. <\/span><\/p>\n<p><span style=\"font-weight: 400;\">Considero o F\u00f3rum da Cultura uma enorme conquista dos servidores da pasta, justo portanto, dedicar esfor\u00e7os e cuidados no sentido de garantir a s\u00f3lida uni\u00e3o de seus representantes, o que tentei e tento fazer. Entretanto, decorrente desta nova realidade, entendi acertado fazer contato com a atual gest\u00e3o do IBRAM para intermediar os interesses dos colegas associados \u00e0 <strong>ASPHAN<\/strong>, visto a lacuna formal de interlocu\u00e7\u00e3o. &nbsp;<\/span><\/p>\n<p><span style=\"font-weight: 400;\">Deste modo, solicitei reuni\u00e3o com o presidente do IBRAM, para o dia 5 de setembro de 2017, aproveitando deslocamento \u00e0 cidade de Bras\u00edlia, n\u00e3o tendo sido recebido pelo mesmo, que alegou problema de agenda. Compareceram \u00e0 reuni\u00e3o o chefe de gabinete Marcos Jos\u00e9 Mantoan, o diretor de Planejamento e Gest\u00e3o D\u00eanio Menezes da Silva e a Coordenadora de Gest\u00e3o de Pessoas S\u00f4nia Regina de Souza Oliveira.<\/span><\/p>\n<p><span style=\"font-weight: 400;\">Al\u00e9m da apresenta\u00e7\u00e3o formal da <\/span><b>ASPHAN<\/b><span style=\"font-weight: 400;\">, nos colocando como intermedi\u00e1rios nos interesses de nossos associados, foram abordadas duas quest\u00f5es que atualmente nos chegaram como priorit\u00e1rias para o conjunto de servidores e ex-servidores. <\/span><\/p>\n<p><span style=\"font-weight: 400;\">A primeira delas com rela\u00e7\u00e3o ao pagamento de percentual relativo ao ano de 2017, a ser incorporado ao valor da GDAC, atualmente pago aos aposentados. Trata-se de valores referentes ao acordo firmado pelo governo e posteriormente transformado em Lei, que n\u00e3o vinha sendo cumprida desde o come\u00e7o do ano. <\/span><\/p>\n<p><span style=\"font-weight: 400;\">No m\u00eas passado, alguns servidores receberam estes valores, inclusive com os devidos retroativos, contudo, significativo n\u00famero de colegas que fazem jus \u00e0 mesma gratifica\u00e7\u00e3o, inexplicavelmente, n\u00e3o foram contemplados. Solicitei estes dados e coloquei o site da <\/span><b>ASPHAN<\/b><span style=\"font-weight: 400;\"> \u00e0 disposi\u00e7\u00e3o como mais um canal de comunica\u00e7\u00e3o com o servidor, com o intuito de difundir e democratizar a informa\u00e7\u00e3o. <\/span><\/p>\n<p><span style=\"font-weight: 400;\">Esclareci que obtive, da dire\u00e7\u00e3o do IPHAN, acesso aos dados relativos a quantos servidores n\u00e3o a teriam recebido, bem como fui informado de que a administra\u00e7\u00e3o do IPHAN havia se mobilizado buscando solu\u00e7\u00e3o para a situa\u00e7\u00e3o. At\u00e9 o presente momento n\u00e3o recebemos estes dados do IBRAM.<\/span><\/p>\n<p><span style=\"font-weight: 400;\">O outro assunto, de gravidade, diz respeito ao funcionamento do ponto eletr\u00f4nico. Ponderei que desde a implanta\u00e7\u00e3o do mesmo, este n\u00e3o vem atendendo de forma adequada \u00e0 din\u00e2mica de funcionamento dos museus. A aus\u00eancia de regramento espec\u00edfico tem submetido o servidor \u00e0 vontade discricion\u00e1ria das chefias, que, neste caso, n\u00e3o se aplica e deve ser evitada. <\/span><\/p>\n<p><span style=\"font-weight: 400;\">Ante a argumenta\u00e7\u00e3o pelos gestores de que este tema extrapola a compet\u00eancia e as possibilidades da autarquia, sugeri que o tema fosse ent\u00e3o levado ao GPCOT para discuss\u00e3o. Ao que parece, ter sido aceita esta considera\u00e7\u00e3o. Assim que houver uma manifesta\u00e7\u00e3o formal do IBRAM \u00e0 <\/span><b>ASPHAN<\/b><span style=\"font-weight: 400;\">, sobre os temas acima mencionados, informaremos aos colegas. <\/span><\/p>\n<p><span style=\"font-weight: 400;\">Colocamos mais uma vez o site da associa\u00e7\u00e3o como canal de comunica\u00e7\u00e3o dos colegas lotados no IBRAM e lembramos da import\u00e2ncia de ampliarmos nosso quadro de associados, de forma a garantir a maior representatividade poss\u00edvel junto a autarquia.<\/span><\/p>\n<p><span style=\"font-weight: 400;\">Atenciosamente,<br \/>\n<\/span><span style=\"font-weight: 400;\">Leonardo Barreto<br \/>\n<\/span><span style=\"font-weight: 400;\">Presidente <\/span><b>ASPHAN<\/b><\/p>\n","protected":false},"excerpt":{"rendered":"<p>A cerca de dois meses atr\u00e1s, fui informado da dissolu\u00e7\u00e3o da ASBRAM, o que sinceramente lamentei, pois o caro colega Andr\u00e9 Angulo vinha fazendo o poss\u00edvel para defender os interesses dos servidores do IBRAM. Em fun\u00e7\u00e3o da exist\u00eancia daquela associa\u00e7\u00e3o espec\u00edfica, vinha evitando uma a\u00e7\u00e3o mais ostensiva em rela\u00e7\u00e3o \u00e0 dire\u00e7\u00e3o do IBRAM, agindo de [&hellip;]<\/p>\n","protected":false},"author":3,"featured_media":0,"comment_status":"closed","ping_status":"closed","sticky":false,"template":"","format":"standard","meta":{"_bbp_topic_count":0,"_bbp_reply_count":0,"_bbp_total_topic_count":0,"_bbp_total_reply_count":0,"_bbp_voice_count":0,"_bbp_anonymous_reply_count":0,"_bbp_topic_count_hidden":0,"_bbp_reply_count_hidden":0,"_bbp_forum_subforum_count":0,"ngg_post_thumbnail":0,"_links_to":"","_links_to_target":""},"categories":[7,18],"tags":[],"_links":{"self":[{"href":"http:\/\/www.asphan.org.br\/index.php\/wp-json\/wp\/v2\/posts\/1563"}],"collection":[{"href":"http:\/\/www.asphan.org.br\/index.php\/wp-json\/wp\/v2\/posts"}],"about":[{"href":"http:\/\/www.asphan.org.br\/index.php\/wp-json\/wp\/v2\/types\/post"}],"author":[{"embeddable":true,"href":"http:\/\/www.asphan.org.br\/index.php\/wp-json\/wp\/v2\/users\/3"}],"replies":[{"embeddable":true,"href":"http:\/\/www.asphan.org.br\/index.php\/wp-json\/wp\/v2\/comments?post=1563"}],"version-history":[{"count":2,"href":"http:\/\/www.asphan.org.br\/index.php\/wp-json\/wp\/v2\/posts\/1563\/revisions"}],"predecessor-version":[{"id":1566,"href":"http:\/\/www.asphan.org.br\/index.php\/wp-json\/wp\/v2\/posts\/1563\/revisions\/1566"}],"wp:attachment":[{"href":"http:\/\/www.asphan.org.br\/index.php\/wp-json\/wp\/v2\/media?parent=1563"}],"wp:term":[{"taxonomy":"category","embeddable":true,"href":"http:\/\/www.asphan.org.br\/index.php\/wp-json\/wp\/v2\/categories?post=1563"},{"taxonomy":"post_tag","embeddable":true,"href":"http:\/\/www.asphan.org.br\/index.php\/wp-json\/wp\/v2\/tags?post=1563"}],"curies":[{"name":"wp","href":"https:\/\/api.w.org\/{rel}","templated":true}]}}