{"id":1568,"date":"2017-09-22T09:07:29","date_gmt":"2017-09-22T12:07:29","guid":{"rendered":"http:\/\/www.asphan.org.br\/index.php\/?p=1568"},"modified":"2017-09-22T09:07:29","modified_gmt":"2017-09-22T12:07:29","slug":"informe-sobre-a-lei-12-27710","status":"publish","type":"post","link":"http:\/\/www.asphan.org.br\/index.php\/informe-sobre-a-lei-12-27710","title":{"rendered":"Informe sobre a Lei 12.277\/10"},"content":{"rendered":"<p>No dia 6 de setembro, aproveitando estar a servi\u00e7o na cidade de Bras\u00edlia, estive no escrit\u00f3rio do Dr. Eduardo Muniz, que representa in\u00fameros colegas na a\u00e7\u00e3o relativa ao n\u00e3o reconhecimento pela Uni\u00e3o, do direito dos engenheiros, arquitetos e outras categorias de serem contemplados pela gratifica\u00e7\u00e3o criada pela Lei 12.277\/10. Compartilho as informa\u00e7\u00f5es obtidas que podem ser \u00fateis para outros colegas que s\u00e3o representados por outros escrit\u00f3rios de advocacia. Dr. Eduardo continua bastante otimista com rela\u00e7\u00e3o a um desfecho favor\u00e1vel aos servidores. Informou que temos j\u00e1 senten\u00e7as favor\u00e1veis em cinco Tribunais Regionais Federais, dois processos no STJ e dois no STF aguardando manifesta\u00e7\u00e3o.<\/p>\n","protected":false},"excerpt":{"rendered":"<p>No dia 6 de setembro, aproveitando estar a servi\u00e7o na cidade de Bras\u00edlia, estive no escrit\u00f3rio do Dr. Eduardo Muniz, que representa in\u00fameros colegas na a\u00e7\u00e3o relativa ao n\u00e3o reconhecimento pela Uni\u00e3o, do direito dos engenheiros, arquitetos e outras categorias de serem contemplados pela gratifica\u00e7\u00e3o criada pela Lei 12.277\/10. Compartilho as informa\u00e7\u00f5es obtidas que podem [&hellip;]<\/p>\n","protected":false},"author":3,"featured_media":0,"comment_status":"closed","ping_status":"closed","sticky":false,"template":"","format":"standard","meta":{"_bbp_topic_count":0,"_bbp_reply_count":0,"_bbp_total_topic_count":0,"_bbp_total_reply_count":0,"_bbp_voice_count":0,"_bbp_anonymous_reply_count":0,"_bbp_topic_count_hidden":0,"_bbp_reply_count_hidden":0,"_bbp_forum_subforum_count":0,"ngg_post_thumbnail":0,"_links_to":"","_links_to_target":""},"categories":[7,18],"tags":[],"_links":{"self":[{"href":"http:\/\/www.asphan.org.br\/index.php\/wp-json\/wp\/v2\/posts\/1568"}],"collection":[{"href":"http:\/\/www.asphan.org.br\/index.php\/wp-json\/wp\/v2\/posts"}],"about":[{"href":"http:\/\/www.asphan.org.br\/index.php\/wp-json\/wp\/v2\/types\/post"}],"author":[{"embeddable":true,"href":"http:\/\/www.asphan.org.br\/index.php\/wp-json\/wp\/v2\/users\/3"}],"replies":[{"embeddable":true,"href":"http:\/\/www.asphan.org.br\/index.php\/wp-json\/wp\/v2\/comments?post=1568"}],"version-history":[{"count":2,"href":"http:\/\/www.asphan.org.br\/index.php\/wp-json\/wp\/v2\/posts\/1568\/revisions"}],"predecessor-version":[{"id":1571,"href":"http:\/\/www.asphan.org.br\/index.php\/wp-json\/wp\/v2\/posts\/1568\/revisions\/1571"}],"wp:attachment":[{"href":"http:\/\/www.asphan.org.br\/index.php\/wp-json\/wp\/v2\/media?parent=1568"}],"wp:term":[{"taxonomy":"category","embeddable":true,"href":"http:\/\/www.asphan.org.br\/index.php\/wp-json\/wp\/v2\/categories?post=1568"},{"taxonomy":"post_tag","embeddable":true,"href":"http:\/\/www.asphan.org.br\/index.php\/wp-json\/wp\/v2\/tags?post=1568"}],"curies":[{"name":"wp","href":"https:\/\/api.w.org\/{rel}","templated":true}]}}