{"id":1572,"date":"2017-10-20T15:25:48","date_gmt":"2017-10-20T17:25:48","guid":{"rendered":"http:\/\/www.asphan.org.br\/index.php\/?p=1572"},"modified":"2017-10-20T19:08:18","modified_gmt":"2017-10-20T21:08:18","slug":"informe-sobre-o-dissidio-coletivo-de-89","status":"publish","type":"post","link":"http:\/\/www.asphan.org.br\/index.php\/informe-sobre-o-dissidio-coletivo-de-89","title":{"rendered":"Informe sobre o Diss\u00eddio Coletivo de 89"},"content":{"rendered":"<p>Prezados colegas,<\/p>\n<p>Recebi a informa\u00e7\u00e3o de que a Justi\u00e7a do Trabalho notificou o IPHAN para que apresente, dentro do prazo de 20 dias, a planilha atualizada dos c\u00e1lculos dos valores devidos \u00e0s pessoas relacionadas na a\u00e7\u00e3o do Diss\u00eddio Coletivo de 1989, lotadas no Rio de Janeiro \u00e0 \u00e9poca.<\/p>\n<p>Ap\u00f3s a atualiza\u00e7\u00e3o do c\u00e1lculo pelo IPHAN, o processo retorna para expedi\u00e7\u00e3o dos RPV para que a Uni\u00e3o providencie os pagamentos.<\/p>\n<p>Ao ser informado, telefonei \u00e0 presidente da autarquia e ao diretor do DPA pedindo celeridade no processo.<\/p>\n<p>Atenciosamente,<br \/>\nLeonardo Barreto<br \/>\nPresidente <strong>ASPHAN<\/strong><\/p>\n<p>&nbsp;<\/p>\n<p>Veja o documento na \u00edntegra:<br \/>\n<img loading=\"lazy\" class=\"aligncenter size-large wp-image-1576\" src=\"http:\/\/www.asphan.org.br\/wp-content\/uploads\/2017\/10\/0b58cf90-abaa-4afb-b9d2-67bae76ccabe-600x895.jpg\" alt=\"\" width=\"600\" height=\"895\" srcset=\"http:\/\/www.asphan.org.br\/wp-content\/uploads\/2017\/10\/0b58cf90-abaa-4afb-b9d2-67bae76ccabe-600x895.jpg 600w, http:\/\/www.asphan.org.br\/wp-content\/uploads\/2017\/10\/0b58cf90-abaa-4afb-b9d2-67bae76ccabe-76x113.jpg 76w, http:\/\/www.asphan.org.br\/wp-content\/uploads\/2017\/10\/0b58cf90-abaa-4afb-b9d2-67bae76ccabe.jpg 714w\" sizes=\"(max-width: 600px) 100vw, 600px\" \/><\/p>\n","protected":false},"excerpt":{"rendered":"<p>Prezados colegas, Recebi a informa\u00e7\u00e3o de que a Justi\u00e7a do Trabalho notificou o IPHAN para que apresente, dentro do prazo de 20 dias, a planilha atualizada dos c\u00e1lculos dos valores devidos \u00e0s pessoas relacionadas na a\u00e7\u00e3o do Diss\u00eddio Coletivo de 1989, lotadas no Rio de Janeiro \u00e0 \u00e9poca. Ap\u00f3s a atualiza\u00e7\u00e3o do c\u00e1lculo pelo IPHAN, [&hellip;]<\/p>\n","protected":false},"author":3,"featured_media":0,"comment_status":"closed","ping_status":"closed","sticky":false,"template":"","format":"standard","meta":{"_bbp_topic_count":0,"_bbp_reply_count":0,"_bbp_total_topic_count":0,"_bbp_total_reply_count":0,"_bbp_voice_count":0,"_bbp_anonymous_reply_count":0,"_bbp_topic_count_hidden":0,"_bbp_reply_count_hidden":0,"_bbp_forum_subforum_count":0,"ngg_post_thumbnail":0,"_links_to":"","_links_to_target":""},"categories":[7,18],"tags":[],"_links":{"self":[{"href":"http:\/\/www.asphan.org.br\/index.php\/wp-json\/wp\/v2\/posts\/1572"}],"collection":[{"href":"http:\/\/www.asphan.org.br\/index.php\/wp-json\/wp\/v2\/posts"}],"about":[{"href":"http:\/\/www.asphan.org.br\/index.php\/wp-json\/wp\/v2\/types\/post"}],"author":[{"embeddable":true,"href":"http:\/\/www.asphan.org.br\/index.php\/wp-json\/wp\/v2\/users\/3"}],"replies":[{"embeddable":true,"href":"http:\/\/www.asphan.org.br\/index.php\/wp-json\/wp\/v2\/comments?post=1572"}],"version-history":[{"count":3,"href":"http:\/\/www.asphan.org.br\/index.php\/wp-json\/wp\/v2\/posts\/1572\/revisions"}],"predecessor-version":[{"id":1575,"href":"http:\/\/www.asphan.org.br\/index.php\/wp-json\/wp\/v2\/posts\/1572\/revisions\/1575"}],"wp:attachment":[{"href":"http:\/\/www.asphan.org.br\/index.php\/wp-json\/wp\/v2\/media?parent=1572"}],"wp:term":[{"taxonomy":"category","embeddable":true,"href":"http:\/\/www.asphan.org.br\/index.php\/wp-json\/wp\/v2\/categories?post=1572"},{"taxonomy":"post_tag","embeddable":true,"href":"http:\/\/www.asphan.org.br\/index.php\/wp-json\/wp\/v2\/tags?post=1572"}],"curies":[{"name":"wp","href":"https:\/\/api.w.org\/{rel}","templated":true}]}}