{"id":1578,"date":"2017-10-30T12:24:13","date_gmt":"2017-10-30T14:24:13","guid":{"rendered":"http:\/\/www.asphan.org.br\/index.php\/?p=1578"},"modified":"2017-10-30T12:24:48","modified_gmt":"2017-10-30T14:24:48","slug":"informe-sobre-o-dissidio-coletivo-de-89-2","status":"publish","type":"post","link":"http:\/\/www.asphan.org.br\/index.php\/informe-sobre-o-dissidio-coletivo-de-89-2","title":{"rendered":"Informe sobre o Diss\u00eddio Coletivo de 89"},"content":{"rendered":"<p><span style=\"font-weight: 400;\">Caros Colegas,<\/span><\/p>\n<p><span style=\"font-weight: 400;\">A partir da informa\u00e7\u00e3o de que a Ju\u00edza que atualmente \u00e9 respons\u00e1vel pelo processo determinou ao IPHAN que procedesse a atualiza\u00e7\u00e3o de c\u00e1lculos, visando o pagamento da a\u00e7\u00e3o para aqueles que j\u00e1 tiveram senten\u00e7a favor\u00e1vel, temos monitorado o recebimento do processo em nossa autarquia. <\/span><\/p>\n<p><span style=\"font-weight: 400;\">Inclusive, noticiei que tinha solicitado \u00e0 dire\u00e7\u00e3o que envidasse esfor\u00e7os para agilizar os tr\u00e2mites, assim que o processo fosse recebido pelo IPHAN. Estando nesta quinta-feira no Rio de Janeiro, dirigi-me, junto com a Dra. Claudia Duranti, ao Tribunal Regional do Trabalho da 1\u00aa Regi\u00e3o, com dois objetivos a cumprir. <\/span><\/p>\n<p><span style=\"font-weight: 400;\">Primeiro, solicitar uma agiliza\u00e7\u00e3o nos procedimentos, t\u00e3o logo o processo retorne &nbsp;\u00e0 Vara, sobre o recurso que nossa advogada protocolar\u00e1, relativo aos que, por motivos diversos, foram considerados controversos. Resumindo, o objetivo \u00e9 acelerar o quanto poss\u00edvel o tr\u00e2mite daqueles que ainda n\u00e3o foram contemplados na a\u00e7\u00e3o. <\/span><\/p>\n<p><span style=\"font-weight: 400;\">O segundo motivo era saber por que o processo e o mandado de notifica\u00e7\u00e3o ainda n\u00e3o haviam chegado ao IPHAN, passados j\u00e1 mais de uma semana desde sua expedi\u00e7\u00e3o. Fomos ao setor &nbsp;respons\u00e1vel pelo envio e, para nossa surpresa, n\u00e3o localizavam a documenta\u00e7\u00e3o. <\/span><\/p>\n<p><span style=\"font-weight: 400;\">Ap\u00f3s mais de uma hora, descobrimos o motivo da falta de informa\u00e7\u00e3o sobre o processo. O local de dilig\u00eancia para envio do processo foi a Procuradoria Regional Federal da (AGU), por ser o representante legal do governo, que posteriormente enviaria ao IPHAN para proceder \u00e0s atualiza\u00e7\u00f5es. <\/span><\/p>\n<p><span style=\"font-weight: 400;\">Ocorre que a Procuradoria enviou correspond\u00eancia ao Tribunal informando que estaria em processo de mudan\u00e7a &nbsp;da Pra\u00e7a Pio X, n\u00ba 54, e, portanto, somente poderia receber correspond\u00eancias no come\u00e7o do m\u00eas de dezembro, j\u00e1 em seu novo endere\u00e7o. Sendo assim, nosso processo ficou arquivado no dep\u00f3sito do Tribunal!! <\/span><\/p>\n<p><span style=\"font-weight: 400;\">Diante deste quadro nossa advogada est\u00e1 agendando audi\u00eancia com a Ju\u00edza, para que providencie meios de agilizar o processo. Caros colegas, o que posso fazer, al\u00e9m de manter aten\u00e7\u00e3o total aos encaminhamentos e cobrar provid\u00eancias da Justi\u00e7a e dos \u00f3rg\u00e3os envolvidos, \u00e9 manter-lhes informados sobre todas as agruras que passamos para receber esta a\u00e7\u00e3o.<\/span><\/p>\n<p><span style=\"font-weight: 400;\">Consegui uma c\u00f3pia mais leg\u00edvel do Mandado de Notifica\u00e7\u00e3o que agora republicamos:<br \/>\n<img loading=\"lazy\" class=\"aligncenter size-large wp-image-1579\" src=\"http:\/\/www.asphan.org.br\/wp-content\/uploads\/2017\/10\/Mandato-notifica\u00e7\u00e3o-iphan-dissidio-89_rotated-001-632x895.jpg\" alt=\"\" width=\"632\" height=\"895\" srcset=\"http:\/\/www.asphan.org.br\/wp-content\/uploads\/2017\/10\/Mandato-notifica\u00e7\u00e3o-iphan-dissidio-89_rotated-001-632x895.jpg 632w, http:\/\/www.asphan.org.br\/wp-content\/uploads\/2017\/10\/Mandato-notifica\u00e7\u00e3o-iphan-dissidio-89_rotated-001-80x113.jpg 80w, http:\/\/www.asphan.org.br\/wp-content\/uploads\/2017\/10\/Mandato-notifica\u00e7\u00e3o-iphan-dissidio-89_rotated-001-768x1087.jpg 768w, http:\/\/www.asphan.org.br\/wp-content\/uploads\/2017\/10\/Mandato-notifica\u00e7\u00e3o-iphan-dissidio-89_rotated-001-600x849.jpg 600w, http:\/\/www.asphan.org.br\/wp-content\/uploads\/2017\/10\/Mandato-notifica\u00e7\u00e3o-iphan-dissidio-89_rotated-001.jpg 1190w\" sizes=\"(max-width: 632px) 100vw, 632px\" \/><br \/>\n<\/span><\/p>\n<p><span style=\"font-weight: 400;\">Atenciosamente,<\/span><span style=\"font-weight: 400;\"><br \/>\n<\/span><span style=\"font-weight: 400;\">Leonardo Barreto<\/span><span style=\"font-weight: 400;\"><br \/>\n<\/span><span style=\"font-weight: 400;\">Presidente <\/span><b>ASPHAN<\/b><\/p>\n","protected":false},"excerpt":{"rendered":"<p>Caros Colegas, A partir da informa\u00e7\u00e3o de que a Ju\u00edza que atualmente \u00e9 respons\u00e1vel pelo processo determinou ao IPHAN que procedesse a atualiza\u00e7\u00e3o de c\u00e1lculos, visando o pagamento da a\u00e7\u00e3o para aqueles que j\u00e1 tiveram senten\u00e7a favor\u00e1vel, temos monitorado o recebimento do processo em nossa autarquia. Inclusive, noticiei que tinha solicitado \u00e0 dire\u00e7\u00e3o que envidasse [&hellip;]<\/p>\n","protected":false},"author":3,"featured_media":0,"comment_status":"closed","ping_status":"closed","sticky":false,"template":"","format":"standard","meta":{"_bbp_topic_count":0,"_bbp_reply_count":0,"_bbp_total_topic_count":0,"_bbp_total_reply_count":0,"_bbp_voice_count":0,"_bbp_anonymous_reply_count":0,"_bbp_topic_count_hidden":0,"_bbp_reply_count_hidden":0,"_bbp_forum_subforum_count":0,"ngg_post_thumbnail":0,"_links_to":"","_links_to_target":""},"categories":[17,7,18],"tags":[],"_links":{"self":[{"href":"http:\/\/www.asphan.org.br\/index.php\/wp-json\/wp\/v2\/posts\/1578"}],"collection":[{"href":"http:\/\/www.asphan.org.br\/index.php\/wp-json\/wp\/v2\/posts"}],"about":[{"href":"http:\/\/www.asphan.org.br\/index.php\/wp-json\/wp\/v2\/types\/post"}],"author":[{"embeddable":true,"href":"http:\/\/www.asphan.org.br\/index.php\/wp-json\/wp\/v2\/users\/3"}],"replies":[{"embeddable":true,"href":"http:\/\/www.asphan.org.br\/index.php\/wp-json\/wp\/v2\/comments?post=1578"}],"version-history":[{"count":3,"href":"http:\/\/www.asphan.org.br\/index.php\/wp-json\/wp\/v2\/posts\/1578\/revisions"}],"predecessor-version":[{"id":1581,"href":"http:\/\/www.asphan.org.br\/index.php\/wp-json\/wp\/v2\/posts\/1578\/revisions\/1581"}],"wp:attachment":[{"href":"http:\/\/www.asphan.org.br\/index.php\/wp-json\/wp\/v2\/media?parent=1578"}],"wp:term":[{"taxonomy":"category","embeddable":true,"href":"http:\/\/www.asphan.org.br\/index.php\/wp-json\/wp\/v2\/categories?post=1578"},{"taxonomy":"post_tag","embeddable":true,"href":"http:\/\/www.asphan.org.br\/index.php\/wp-json\/wp\/v2\/tags?post=1578"}],"curies":[{"name":"wp","href":"https:\/\/api.w.org\/{rel}","templated":true}]}}