{"id":1584,"date":"2017-11-13T15:59:05","date_gmt":"2017-11-13T17:59:05","guid":{"rendered":"http:\/\/www.asphan.org.br\/index.php\/?p=1584"},"modified":"2017-11-13T15:59:05","modified_gmt":"2017-11-13T17:59:05","slug":"nota-sobre-aumento-da-aliquota-de-contribuicao-previdenciaria-pelo-governo","status":"publish","type":"post","link":"http:\/\/www.asphan.org.br\/index.php\/nota-sobre-aumento-da-aliquota-de-contribuicao-previdenciaria-pelo-governo","title":{"rendered":"Nota sobre aumento da al\u00edquota de contribui\u00e7\u00e3o previdenci\u00e1ria pelo governo"},"content":{"rendered":"<p style=\"text-align: left;\">Caros associados,<\/p>\n<p style=\"text-align: left;\">&nbsp;<\/p>\n<p style=\"text-align: left;\">Como deve ser de conhecimento, o Governo Federal por meio da edi\u00e7\u00e3o de Medida Provis\u00f3ria, oficializou em 30 de outubro deste ano o aumento da al\u00edquota da contribui\u00e7\u00e3o previdenci\u00e1ria dos servidores p\u00fablicos, de 11% para 14% para aqueles que percebem remunera\u00e7\u00e3o maior que o teto do INSS, no valor de R$ 5.531,31, passando a incidir a partir de 1\u00ba de fevereiro de 2018.<\/p>\n<p style=\"text-align: left;\">Neste sentido, a ASPHAN informa que j\u00e1 est\u00e1 adotando, por meio de seu departamento jur\u00eddico conveniado, as medidas judiciais cab\u00edveis visando a solucionar o problema.<\/p>\n<p style=\"text-align: left;\">Importante ressaltar a inconstitucionalidade da medida, que viola o art. 246 da Constitui\u00e7\u00e3o Federal\/88 e n\u00e3o elenca justificativa plaus\u00edvel para o aumento da contribui\u00e7\u00e3o, uma vez que a mera argumenta\u00e7\u00e3o de que \u00e9 preciso conter gastos e aumentar a arrecada\u00e7\u00e3o n\u00e3o se sustenta.<\/p>\n<p style=\"text-align: left;\">Diante deste quadro, e considerando que a medida jur\u00eddica a ser proposta possui natureza coletiva, beneficiando apenas os associados ent\u00e3o filiados \u00e0 \u00e9poca da propositura da a\u00e7\u00e3o, recomenda-se, especialmente \u00e0queles que se encontram nessa condi\u00e7\u00e3o, que se mantenham filiados ou que se filiem o quanto antes, caso ainda n\u00e3o tenham providenciado sua ades\u00e3o.<\/p>\n","protected":false},"excerpt":{"rendered":"<p>Caros associados, &nbsp; Como deve ser de conhecimento, o Governo Federal por meio da edi\u00e7\u00e3o de Medida Provis\u00f3ria, oficializou em 30 de outubro deste ano o aumento da al\u00edquota da contribui\u00e7\u00e3o previdenci\u00e1ria dos servidores p\u00fablicos, de 11% para 14% para aqueles que percebem remunera\u00e7\u00e3o maior que o teto do INSS, no valor de R$ 5.531,31, [&hellip;]<\/p>\n","protected":false},"author":3,"featured_media":0,"comment_status":"closed","ping_status":"closed","sticky":false,"template":"","format":"standard","meta":{"_bbp_topic_count":0,"_bbp_reply_count":0,"_bbp_total_topic_count":0,"_bbp_total_reply_count":0,"_bbp_voice_count":0,"_bbp_anonymous_reply_count":0,"_bbp_topic_count_hidden":0,"_bbp_reply_count_hidden":0,"_bbp_forum_subforum_count":0,"ngg_post_thumbnail":0,"_links_to":"","_links_to_target":""},"categories":[7],"tags":[],"_links":{"self":[{"href":"http:\/\/www.asphan.org.br\/index.php\/wp-json\/wp\/v2\/posts\/1584"}],"collection":[{"href":"http:\/\/www.asphan.org.br\/index.php\/wp-json\/wp\/v2\/posts"}],"about":[{"href":"http:\/\/www.asphan.org.br\/index.php\/wp-json\/wp\/v2\/types\/post"}],"author":[{"embeddable":true,"href":"http:\/\/www.asphan.org.br\/index.php\/wp-json\/wp\/v2\/users\/3"}],"replies":[{"embeddable":true,"href":"http:\/\/www.asphan.org.br\/index.php\/wp-json\/wp\/v2\/comments?post=1584"}],"version-history":[{"count":2,"href":"http:\/\/www.asphan.org.br\/index.php\/wp-json\/wp\/v2\/posts\/1584\/revisions"}],"predecessor-version":[{"id":1586,"href":"http:\/\/www.asphan.org.br\/index.php\/wp-json\/wp\/v2\/posts\/1584\/revisions\/1586"}],"wp:attachment":[{"href":"http:\/\/www.asphan.org.br\/index.php\/wp-json\/wp\/v2\/media?parent=1584"}],"wp:term":[{"taxonomy":"category","embeddable":true,"href":"http:\/\/www.asphan.org.br\/index.php\/wp-json\/wp\/v2\/categories?post=1584"},{"taxonomy":"post_tag","embeddable":true,"href":"http:\/\/www.asphan.org.br\/index.php\/wp-json\/wp\/v2\/tags?post=1584"}],"curies":[{"name":"wp","href":"https:\/\/api.w.org\/{rel}","templated":true}]}}