{"id":1702,"date":"2018-01-18T09:54:12","date_gmt":"2018-01-18T11:54:12","guid":{"rendered":"http:\/\/www.asphan.org.br\/index.php\/?p=1702"},"modified":"2018-01-18T09:54:12","modified_gmt":"2018-01-18T11:54:12","slug":"informe-sobre-o-pagamento-da-gdac","status":"publish","type":"post","link":"http:\/\/www.asphan.org.br\/index.php\/informe-sobre-o-pagamento-da-gdac","title":{"rendered":"Informe sobre o pagamento da GDAC"},"content":{"rendered":"<p>Caros colegas,<\/p>\n<p>Informamos que j\u00e1 constam, na pr\u00e9via do contracheque, os valores referentes ao aumento da GDAC, conforme acordado com o Governo em 2015. Dessa forma, caso o Governo continue a honrar o compromisso firmado, os aposentados que fazem jus ao recebimento da GDAC dever\u00e3o auferir a integralidade \u00e0 qual t\u00eam direito at\u00e9 o pr\u00f3ximo ano.<\/p>\n<p>Atenciosamente,<br \/>\nDiretoria <strong>ASPHAN<\/strong><\/p>\n","protected":false},"excerpt":{"rendered":"<p>Caros colegas, Informamos que j\u00e1 constam, na pr\u00e9via do contracheque, os valores referentes ao aumento da GDAC, conforme acordado com o Governo em 2015. Dessa forma, caso o Governo continue a honrar o compromisso firmado, os aposentados que fazem jus ao recebimento da GDAC dever\u00e3o auferir a integralidade \u00e0 qual t\u00eam direito at\u00e9 o pr\u00f3ximo [&hellip;]<\/p>\n","protected":false},"author":3,"featured_media":0,"comment_status":"closed","ping_status":"closed","sticky":false,"template":"","format":"standard","meta":{"_bbp_topic_count":0,"_bbp_reply_count":0,"_bbp_total_topic_count":0,"_bbp_total_reply_count":0,"_bbp_voice_count":0,"_bbp_anonymous_reply_count":0,"_bbp_topic_count_hidden":0,"_bbp_reply_count_hidden":0,"_bbp_forum_subforum_count":0,"ngg_post_thumbnail":0,"_links_to":"","_links_to_target":""},"categories":[7,18],"tags":[],"_links":{"self":[{"href":"http:\/\/www.asphan.org.br\/index.php\/wp-json\/wp\/v2\/posts\/1702"}],"collection":[{"href":"http:\/\/www.asphan.org.br\/index.php\/wp-json\/wp\/v2\/posts"}],"about":[{"href":"http:\/\/www.asphan.org.br\/index.php\/wp-json\/wp\/v2\/types\/post"}],"author":[{"embeddable":true,"href":"http:\/\/www.asphan.org.br\/index.php\/wp-json\/wp\/v2\/users\/3"}],"replies":[{"embeddable":true,"href":"http:\/\/www.asphan.org.br\/index.php\/wp-json\/wp\/v2\/comments?post=1702"}],"version-history":[{"count":2,"href":"http:\/\/www.asphan.org.br\/index.php\/wp-json\/wp\/v2\/posts\/1702\/revisions"}],"predecessor-version":[{"id":1706,"href":"http:\/\/www.asphan.org.br\/index.php\/wp-json\/wp\/v2\/posts\/1702\/revisions\/1706"}],"wp:attachment":[{"href":"http:\/\/www.asphan.org.br\/index.php\/wp-json\/wp\/v2\/media?parent=1702"}],"wp:term":[{"taxonomy":"category","embeddable":true,"href":"http:\/\/www.asphan.org.br\/index.php\/wp-json\/wp\/v2\/categories?post=1702"},{"taxonomy":"post_tag","embeddable":true,"href":"http:\/\/www.asphan.org.br\/index.php\/wp-json\/wp\/v2\/tags?post=1702"}],"curies":[{"name":"wp","href":"https:\/\/api.w.org\/{rel}","templated":true}]}}