{"id":1708,"date":"2018-02-22T17:52:23","date_gmt":"2018-02-22T20:52:23","guid":{"rendered":"http:\/\/www.asphan.org.br\/index.php\/?p=1708"},"modified":"2018-02-22T18:39:19","modified_gmt":"2018-02-22T21:39:19","slug":"reuniao-do-gpcot-acontece-em-marco","status":"publish","type":"post","link":"http:\/\/www.asphan.org.br\/index.php\/reuniao-do-gpcot-acontece-em-marco","title":{"rendered":"Reuni\u00e3o do GPCOT acontece em mar\u00e7o"},"content":{"rendered":"<p>A pr\u00f3xima reuni\u00e3o ordin\u00e1ria do GPCOT (Grupo Permanente de Discuss\u00e3o sobre Condi\u00e7\u00f5es de Trabalho) foi convocada, mediante Portaria, para 21 de mar\u00e7o de 2018. Espera-se as presen\u00e7as de representantes das Associa\u00e7\u00f5es de Servidores da Cultura e do atual ministro da Cultura, S\u00e9rgio de S\u00e1 Leit\u00e3o, para a mesa de negocia\u00e7\u00f5es.<\/p>\n<p>Assusta-nos o \u00fanico ponto constante na pauta do encontro tratar do ponto eletr\u00f4nico. Consideramos tal pauta p\u00edfia &#8211; especialmente em compara\u00e7\u00e3o \u00e0 quantidade de quest\u00f5es despontantes neste momento pol\u00edtico nacional, sequer razo\u00e1vel para justificar os gastos com deslocamentos por parte das associa\u00e7\u00f5es de trabalhadores.<\/p>\n<p>Todavia, a <strong>ASPHAN<\/strong> estuda a pertin\u00eancia de enviar representantes de seu conjunto de associados para integrarem as discuss\u00f5es; e compromete-se com a divulga\u00e7\u00e3o de informes sobre sua poss\u00edvel participa\u00e7\u00e3o na mesa por meio de seus canais de comunica\u00e7\u00e3o <em>(<a href=\"https:\/\/www.facebook.com\/asphan.oficial\/photos\/rpp.100657266685854\/1655193494565549\/?type=3&amp;theater\">newsletter<\/a>, <a href=\"https:\/\/www.facebook.com\/asphan.oficial\/\">p\u00e1gina do Facebook<\/a> e <a href=\"http:\/\/www.asphan.org.br\">site<\/a>).<\/em><\/p>\n<p>Atenciosamente,<br \/>\nDiretoria <strong>ASPHAN<\/strong><\/p>\n","protected":false},"excerpt":{"rendered":"<p>A pr\u00f3xima reuni\u00e3o ordin\u00e1ria do GPCOT (Grupo Permanente de Discuss\u00e3o sobre Condi\u00e7\u00f5es de Trabalho) foi convocada, mediante Portaria, para 21 de mar\u00e7o de 2018. Espera-se as presen\u00e7as de representantes das Associa\u00e7\u00f5es de Servidores da Cultura e do atual ministro da Cultura, S\u00e9rgio de S\u00e1 Leit\u00e3o, para a mesa de negocia\u00e7\u00f5es. Assusta-nos o \u00fanico ponto constante [&hellip;]<\/p>\n","protected":false},"author":3,"featured_media":0,"comment_status":"closed","ping_status":"closed","sticky":false,"template":"","format":"standard","meta":{"_bbp_topic_count":0,"_bbp_reply_count":0,"_bbp_total_topic_count":0,"_bbp_total_reply_count":0,"_bbp_voice_count":0,"_bbp_anonymous_reply_count":0,"_bbp_topic_count_hidden":0,"_bbp_reply_count_hidden":0,"_bbp_forum_subforum_count":0,"ngg_post_thumbnail":0,"_links_to":"","_links_to_target":""},"categories":[7,18],"tags":[],"_links":{"self":[{"href":"http:\/\/www.asphan.org.br\/index.php\/wp-json\/wp\/v2\/posts\/1708"}],"collection":[{"href":"http:\/\/www.asphan.org.br\/index.php\/wp-json\/wp\/v2\/posts"}],"about":[{"href":"http:\/\/www.asphan.org.br\/index.php\/wp-json\/wp\/v2\/types\/post"}],"author":[{"embeddable":true,"href":"http:\/\/www.asphan.org.br\/index.php\/wp-json\/wp\/v2\/users\/3"}],"replies":[{"embeddable":true,"href":"http:\/\/www.asphan.org.br\/index.php\/wp-json\/wp\/v2\/comments?post=1708"}],"version-history":[{"count":4,"href":"http:\/\/www.asphan.org.br\/index.php\/wp-json\/wp\/v2\/posts\/1708\/revisions"}],"predecessor-version":[{"id":1715,"href":"http:\/\/www.asphan.org.br\/index.php\/wp-json\/wp\/v2\/posts\/1708\/revisions\/1715"}],"wp:attachment":[{"href":"http:\/\/www.asphan.org.br\/index.php\/wp-json\/wp\/v2\/media?parent=1708"}],"wp:term":[{"taxonomy":"category","embeddable":true,"href":"http:\/\/www.asphan.org.br\/index.php\/wp-json\/wp\/v2\/categories?post=1708"},{"taxonomy":"post_tag","embeddable":true,"href":"http:\/\/www.asphan.org.br\/index.php\/wp-json\/wp\/v2\/tags?post=1708"}],"curies":[{"name":"wp","href":"https:\/\/api.w.org\/{rel}","templated":true}]}}