{"id":1768,"date":"2018-05-14T17:46:17","date_gmt":"2018-05-14T20:46:17","guid":{"rendered":"http:\/\/www.asphan.org.br\/index.php\/?p=1768"},"modified":"2018-05-14T17:47:49","modified_gmt":"2018-05-14T20:47:49","slug":"sintese-reuniao-sobre-o-dissidio-coletivo-de-89","status":"publish","type":"post","link":"http:\/\/www.asphan.org.br\/index.php\/sintese-reuniao-sobre-o-dissidio-coletivo-de-89","title":{"rendered":"S\u00edntese &#8211; Reuni\u00e3o sobre o Diss\u00eddio Coletivo de 89"},"content":{"rendered":"<p><span style=\"font-weight: 400;\">Caros associados,<\/span><span style=\"font-weight: 400;\"><br \/>\n<\/span><span style=\"font-weight: 400;\"><br \/>\n<\/span><span style=\"font-weight: 400;\">A ata da reuni\u00e3o sobre o Diss\u00eddio Coletivo de 1989, realizada na tarde do dia 10 de maio de 2018, no Museu da Rep\u00fablica, ainda est\u00e1 em elabora\u00e7\u00e3o e ser\u00e1 publicizada em breve nos nossos canais de comunica\u00e7\u00e3o, com as quest\u00f5es ent\u00e3o levantadas e suas respectivas respostas. Mas, antes disso, divulgamos agora uma s\u00edntese sobre o encontro.<\/span><\/p>\n<p><span style=\"font-weight: 400;\">Contamos com um boa presen\u00e7a de servidores, constando por volta de cem pessoas na lista tomada pela advogada, que tamb\u00e9m visava a atualiza\u00e7\u00e3o de contatos daqueles envolvidos na a\u00e7\u00e3o.<\/span><\/p>\n<p><span style=\"font-weight: 400;\">O objetivo da reuni\u00e3o era esclarecer d\u00favidas jur\u00eddicas com rela\u00e7\u00e3o ao processo, bem como quais s\u00e3o os papeis desempenhados pela <\/span><b>ASPHAN<\/b><span style=\"font-weight: 400;\"> e pela advogada no curso da a\u00e7\u00e3o. Nesse sentido, todas as perguntas levantadas na ocasi\u00e3o foram respondidas pela dra. Claudia Duranti, mesmo daqueles servidores que n\u00e3o receber\u00e3o os RPVs ou precat\u00f3rios nesta primeira fase de pagamentos. <\/span><\/p>\n<p><span style=\"font-weight: 400;\">Entre as informa\u00e7\u00f5es fornecidas pela advogada, ela explicou se tratar de um processo com 1.500 pessoas, em que quest\u00f5es pessoais s\u00e3o levadas em conta, apesar de a a\u00e7\u00e3o ser coletiva. Desta forma, os casos s\u00e3o distintos para cada pessoa e necessitam de orienta\u00e7\u00e3o individual.<\/span><\/p>\n<p><span style=\"font-weight: 400;\">Como \u00e9 poss\u00edvel verificar nas <\/span><strong><a href=\"http:\/\/www.asphan.org.br\/dissidio-listas-de-servidores-lotados-no-rj\">listas publicadas<\/a><\/strong><span style=\"font-weight: 400;\"> em nosso site na \u00faltima semana, v\u00e1rias pessoas &#8211; mesmo lotadas no Rio de Janeiro \u00e0 \u00e9poca &#8211; est\u00e3o cortadas desta etapa de recebimento, e isso se d\u00e1 por diversos motivos. Aqueles que desejam saber por quais raz\u00f5es se encontram entre os chamados <\/span><b>controversos<\/b><span style=\"font-weight: 400;\"> e n\u00e3o puderam comparecer presencialmente no dia 10 devem encaminhar seus casos para a advogada para o e-mail <\/span><a href=\"mailto:claudiaduranti@hotmail.com\"><span style=\"font-weight: 400;\">claudiaduranti@hotmail.com<\/span><\/a><span style=\"font-weight: 400;\">, a pedido dela mesma. <\/span><\/p>\n<p><span style=\"font-weight: 400;\">Podem se tratar de quest\u00f5es simples, como erro de digita\u00e7\u00e3o dados (por exemplo, o CPF) nos autos do processo, o que seria corrigido imediatamente. Pedimos ainda que esses e-mails sejam encaminhadas com c\u00f3pia para a Associa\u00e7\u00e3o (<\/span><a href=\"mailto:asphandn@superig.com.br\"><span style=\"font-weight: 400;\">asphandn@superig.com.br<\/span><\/a><span style=\"font-weight: 400;\">), para que possamos monitorar as perguntas e auxiliar em sua resolu\u00e7\u00e3o.<\/span><\/p>\n<p><span style=\"font-weight: 400;\">Quest\u00f5es relacionadas aos valores a receber tamb\u00e9m devem ser encaminhadas \u00e0 advogada, j\u00e1 que a <\/span><b>ASPHAN<\/b><span style=\"font-weight: 400;\"> n\u00e3o pode divulgar essas informa\u00e7\u00f5es pelo seu car\u00e1ter pessoal, de modo que n\u00e3o temos compet\u00eancia legal para as tornar p\u00fablicas. Inclusive, na reuni\u00e3o, n\u00e3o foi tratado de valores.<\/span><\/p>\n<p><span style=\"font-weight: 400;\">Sobremaneira, avaliamos a reuni\u00e3o como positiva. Pedimos novamente tranquilidade aos envolvidos na a\u00e7\u00e3o e que repassem somente informa\u00e7\u00f5es disponibilizadas em nossas p\u00e1ginas ou fornecidas pela advogada. <\/span><\/p>\n<p><span style=\"font-weight: 400;\">Atenciosamente,<br \/>\n<\/span><span style=\"font-weight: 400;\">Diretoria <\/span><b>ASPHAN<\/b><\/p>\n","protected":false},"excerpt":{"rendered":"<p>Caros associados, A ata da reuni\u00e3o sobre o Diss\u00eddio Coletivo de 1989, realizada na tarde do dia 10 de maio de 2018, no Museu da Rep\u00fablica, ainda est\u00e1 em elabora\u00e7\u00e3o e ser\u00e1 publicizada em breve nos nossos canais de comunica\u00e7\u00e3o, com as quest\u00f5es ent\u00e3o levantadas e suas respectivas respostas. Mas, antes disso, divulgamos agora uma [&hellip;]<\/p>\n","protected":false},"author":3,"featured_media":0,"comment_status":"closed","ping_status":"closed","sticky":false,"template":"","format":"standard","meta":{"_bbp_topic_count":0,"_bbp_reply_count":0,"_bbp_total_topic_count":0,"_bbp_total_reply_count":0,"_bbp_voice_count":0,"_bbp_anonymous_reply_count":0,"_bbp_topic_count_hidden":0,"_bbp_reply_count_hidden":0,"_bbp_forum_subforum_count":0,"ngg_post_thumbnail":0,"_links_to":"","_links_to_target":""},"categories":[7,18],"tags":[],"_links":{"self":[{"href":"http:\/\/www.asphan.org.br\/index.php\/wp-json\/wp\/v2\/posts\/1768"}],"collection":[{"href":"http:\/\/www.asphan.org.br\/index.php\/wp-json\/wp\/v2\/posts"}],"about":[{"href":"http:\/\/www.asphan.org.br\/index.php\/wp-json\/wp\/v2\/types\/post"}],"author":[{"embeddable":true,"href":"http:\/\/www.asphan.org.br\/index.php\/wp-json\/wp\/v2\/users\/3"}],"replies":[{"embeddable":true,"href":"http:\/\/www.asphan.org.br\/index.php\/wp-json\/wp\/v2\/comments?post=1768"}],"version-history":[{"count":3,"href":"http:\/\/www.asphan.org.br\/index.php\/wp-json\/wp\/v2\/posts\/1768\/revisions"}],"predecessor-version":[{"id":1771,"href":"http:\/\/www.asphan.org.br\/index.php\/wp-json\/wp\/v2\/posts\/1768\/revisions\/1771"}],"wp:attachment":[{"href":"http:\/\/www.asphan.org.br\/index.php\/wp-json\/wp\/v2\/media?parent=1768"}],"wp:term":[{"taxonomy":"category","embeddable":true,"href":"http:\/\/www.asphan.org.br\/index.php\/wp-json\/wp\/v2\/categories?post=1768"},{"taxonomy":"post_tag","embeddable":true,"href":"http:\/\/www.asphan.org.br\/index.php\/wp-json\/wp\/v2\/tags?post=1768"}],"curies":[{"name":"wp","href":"https:\/\/api.w.org\/{rel}","templated":true}]}}