{"id":1774,"date":"2018-06-11T07:20:40","date_gmt":"2018-06-11T10:20:40","guid":{"rendered":"http:\/\/www.asphan.org.br\/index.php\/?p=1774"},"modified":"2018-06-11T07:20:40","modified_gmt":"2018-06-11T10:20:40","slug":"nota-sobre-o-dissidio-coletivo-de-89-2","status":"publish","type":"post","link":"http:\/\/www.asphan.org.br\/index.php\/nota-sobre-o-dissidio-coletivo-de-89-2","title":{"rendered":"Nota sobre o Diss\u00eddio Coletivo de 89"},"content":{"rendered":"<p><span style=\"font-weight: 400;\">Prezados colegas,<\/span><\/p>\n<p><span style=\"font-weight: 400;\">Ao final da \u00faltima sexta-feira, 7 de junho de 2018, recebemos mensagem da advogada Dra. Claudia Duranti, dizendo que esteve na Vara do Trabalho, onde foi informada de que os trabalhos a serem realizados pela Secretaria finalizaram-se, tanto em rela\u00e7\u00e3o aos RPVs quanto aos Precat\u00f3rios. <\/span><\/p>\n<p><span style=\"font-weight: 400;\">O processo seguiu, ent\u00e3o, para o setor competente da Justi\u00e7a, em que s\u00e3o solicitados os recursos para Uni\u00e3o objetivando os pagamentos. Informaremos os colegas t\u00e3o logo tenhamos not\u00edcia da expedi\u00e7\u00e3o desses documentos. <\/span><\/p>\n<p><span style=\"font-weight: 400;\">Estaremos na cidade do Rio de Janeiro, na \u00faltima semana deste m\u00eas, para acompanharmos de perto esta etapa da tramita\u00e7\u00e3o. Esclarecemos que os casos nos quais ocorreram pend\u00eancias ter\u00e3o imediato questionamento, assim que o processo retorne \u00e0 Vara, ap\u00f3s a expedi\u00e7\u00e3o de documento a Uni\u00e3o.<\/span><\/p>\n<p>Atenciosamente,<br \/>\nDiretoria <strong>ASPHAN<\/strong><\/p>\n","protected":false},"excerpt":{"rendered":"<p>Prezados colegas, Ao final da \u00faltima sexta-feira, 7 de junho de 2018, recebemos mensagem da advogada Dra. Claudia Duranti, dizendo que esteve na Vara do Trabalho, onde foi informada de que os trabalhos a serem realizados pela Secretaria finalizaram-se, tanto em rela\u00e7\u00e3o aos RPVs quanto aos Precat\u00f3rios. O processo seguiu, ent\u00e3o, para o setor competente [&hellip;]<\/p>\n","protected":false},"author":3,"featured_media":0,"comment_status":"closed","ping_status":"closed","sticky":false,"template":"","format":"standard","meta":{"_bbp_topic_count":0,"_bbp_reply_count":0,"_bbp_total_topic_count":0,"_bbp_total_reply_count":0,"_bbp_voice_count":0,"_bbp_anonymous_reply_count":0,"_bbp_topic_count_hidden":0,"_bbp_reply_count_hidden":0,"_bbp_forum_subforum_count":0,"ngg_post_thumbnail":0,"_links_to":"","_links_to_target":""},"categories":[17,7,18],"tags":[],"_links":{"self":[{"href":"http:\/\/www.asphan.org.br\/index.php\/wp-json\/wp\/v2\/posts\/1774"}],"collection":[{"href":"http:\/\/www.asphan.org.br\/index.php\/wp-json\/wp\/v2\/posts"}],"about":[{"href":"http:\/\/www.asphan.org.br\/index.php\/wp-json\/wp\/v2\/types\/post"}],"author":[{"embeddable":true,"href":"http:\/\/www.asphan.org.br\/index.php\/wp-json\/wp\/v2\/users\/3"}],"replies":[{"embeddable":true,"href":"http:\/\/www.asphan.org.br\/index.php\/wp-json\/wp\/v2\/comments?post=1774"}],"version-history":[{"count":2,"href":"http:\/\/www.asphan.org.br\/index.php\/wp-json\/wp\/v2\/posts\/1774\/revisions"}],"predecessor-version":[{"id":1776,"href":"http:\/\/www.asphan.org.br\/index.php\/wp-json\/wp\/v2\/posts\/1774\/revisions\/1776"}],"wp:attachment":[{"href":"http:\/\/www.asphan.org.br\/index.php\/wp-json\/wp\/v2\/media?parent=1774"}],"wp:term":[{"taxonomy":"category","embeddable":true,"href":"http:\/\/www.asphan.org.br\/index.php\/wp-json\/wp\/v2\/categories?post=1774"},{"taxonomy":"post_tag","embeddable":true,"href":"http:\/\/www.asphan.org.br\/index.php\/wp-json\/wp\/v2\/tags?post=1774"}],"curies":[{"name":"wp","href":"https:\/\/api.w.org\/{rel}","templated":true}]}}