{"id":1782,"date":"2018-06-21T08:46:48","date_gmt":"2018-06-21T11:46:48","guid":{"rendered":"http:\/\/www.asphan.org.br\/index.php\/?p=1782"},"modified":"2018-06-21T08:58:55","modified_gmt":"2018-06-21T11:58:55","slug":"mensagem-a-presidencia-do-iphan-sobre-a-portaria-no-143","status":"publish","type":"post","link":"http:\/\/www.asphan.org.br\/index.php\/mensagem-a-presidencia-do-iphan-sobre-a-portaria-no-143","title":{"rendered":"Mensagem \u00e0 Presid\u00eancia do IPHAN sobre a Portaria n\u00ba 143"},"content":{"rendered":"<p><span style=\"font-weight: 400;\">\u00c0 Presidente do IPHAN<\/span><\/p>\n<p><span style=\"font-weight: 400;\">Dra. K\u00e1tia Bog\u00e9a,<\/span><\/p>\n<p><span style=\"font-weight: 400;\">A recente portaria n\u00ba 143, datada de 1\u00ba de Junho de 2018, que estabeleceu o expediente de trabalho para os servidores p\u00fablicos federais durante os dias de jogos da Sele\u00e7\u00e3o Brasileira de Futebol, com a obrigatoriedade de compensa\u00e7\u00e3o de hor\u00e1rio posterior, vem causando enorme indigna\u00e7\u00e3o entre os servidores da autarquia. Entende a grande maioria dos servidores, tendo a <\/span><b>ASPHAN<\/b><span style=\"font-weight: 400;\"> recebido manifesta\u00e7\u00f5es provenientes de todo o territ\u00f3rio nacional, que n\u00e3o \u00e9 moralmente aceit\u00e1vel a indu\u00e7\u00e3o a se ausentar do local de trabalho, no hor\u00e1rio de expediente, expondo-os a situa\u00e7\u00f5es complexas: tanto pessoais, pela dificuldade de reposi\u00e7\u00e3o das horas n\u00e3o trabalhadas; quanto administrativas, como por exemplo, na condu\u00e7\u00e3o dos processos licitat\u00f3rios em andamento.<\/span><\/p>\n<p><span style=\"font-weight: 400;\">Condenamos veementemente o teor da supracitada portaria e solicitamos, \u00e0 gest\u00e3o da Presid\u00eancia da autarquia, que os servidores possam comparecer ao seu local de trabalho nos hor\u00e1rios normais, de modo a manter inalterada sua rotina de vida, pessoal e profissional. Entendemos ser esta uma reivindica\u00e7\u00e3o justa e compat\u00edvel com a dif\u00edcil situa\u00e7\u00e3o em que se encontra atualmente nosso pa\u00eds.<\/span><\/p>\n<p><span style=\"font-weight: 400;\">Ademais, acaba de ser proferida senten\u00e7a no STJ, relativa ao assunto, dando provimento a a\u00e7\u00e3o de servidores da Previd\u00eancia Social, na qual se reconhece preju\u00edzo gerado pela referida portaria ao trabalhadores daquele Minist\u00e9rio. Entendemos que essa decis\u00e3o judicial refor\u00e7a nosso pleito.<\/span><\/p>\n<p><span style=\"font-weight: 400;\">No aguardo de manifesta\u00e7\u00e3o.<\/span><\/p>\n<p><span style=\"font-weight: 400;\">Att.,<br \/>\n<\/span><span style=\"font-weight: 400;\">Leonardo Barreto<br \/>\n<\/span>Presidente ASPHAN<\/p>\n","protected":false},"excerpt":{"rendered":"<p>\u00c0 Presidente do IPHAN Dra. K\u00e1tia Bog\u00e9a, A recente portaria n\u00ba 143, datada de 1\u00ba de Junho de 2018, que estabeleceu o expediente de trabalho para os servidores p\u00fablicos federais durante os dias de jogos da Sele\u00e7\u00e3o Brasileira de Futebol, com a obrigatoriedade de compensa\u00e7\u00e3o de hor\u00e1rio posterior, vem causando enorme indigna\u00e7\u00e3o entre os servidores [&hellip;]<\/p>\n","protected":false},"author":3,"featured_media":0,"comment_status":"closed","ping_status":"closed","sticky":false,"template":"","format":"standard","meta":{"_bbp_topic_count":0,"_bbp_reply_count":0,"_bbp_total_topic_count":0,"_bbp_total_reply_count":0,"_bbp_voice_count":0,"_bbp_anonymous_reply_count":0,"_bbp_topic_count_hidden":0,"_bbp_reply_count_hidden":0,"_bbp_forum_subforum_count":0,"ngg_post_thumbnail":0,"_links_to":"","_links_to_target":""},"categories":[7,18],"tags":[],"_links":{"self":[{"href":"http:\/\/www.asphan.org.br\/index.php\/wp-json\/wp\/v2\/posts\/1782"}],"collection":[{"href":"http:\/\/www.asphan.org.br\/index.php\/wp-json\/wp\/v2\/posts"}],"about":[{"href":"http:\/\/www.asphan.org.br\/index.php\/wp-json\/wp\/v2\/types\/post"}],"author":[{"embeddable":true,"href":"http:\/\/www.asphan.org.br\/index.php\/wp-json\/wp\/v2\/users\/3"}],"replies":[{"embeddable":true,"href":"http:\/\/www.asphan.org.br\/index.php\/wp-json\/wp\/v2\/comments?post=1782"}],"version-history":[{"count":3,"href":"http:\/\/www.asphan.org.br\/index.php\/wp-json\/wp\/v2\/posts\/1782\/revisions"}],"predecessor-version":[{"id":1789,"href":"http:\/\/www.asphan.org.br\/index.php\/wp-json\/wp\/v2\/posts\/1782\/revisions\/1789"}],"wp:attachment":[{"href":"http:\/\/www.asphan.org.br\/index.php\/wp-json\/wp\/v2\/media?parent=1782"}],"wp:term":[{"taxonomy":"category","embeddable":true,"href":"http:\/\/www.asphan.org.br\/index.php\/wp-json\/wp\/v2\/categories?post=1782"},{"taxonomy":"post_tag","embeddable":true,"href":"http:\/\/www.asphan.org.br\/index.php\/wp-json\/wp\/v2\/tags?post=1782"}],"curies":[{"name":"wp","href":"https:\/\/api.w.org\/{rel}","templated":true}]}}