{"id":1798,"date":"2018-06-27T10:16:47","date_gmt":"2018-06-27T13:16:47","guid":{"rendered":"http:\/\/www.asphan.org.br\/index.php\/?p=1798"},"modified":"2018-06-27T10:33:33","modified_gmt":"2018-06-27T13:33:33","slug":"informe-dissidio-coletivo-de-89","status":"publish","type":"post","link":"http:\/\/www.asphan.org.br\/index.php\/informe-dissidio-coletivo-de-89","title":{"rendered":"Informe: Diss\u00eddio Coletivo de 89"},"content":{"rendered":"<p><span style=\"font-weight: 400;\">No dia 25 de junho de 2018, acompanhado da Dra. Claudia Duranti, das colegas Lucineide Le\u00f4ncio e Zulmira Pope, estivemos na Justi\u00e7a do Trabalho. Mais especificamente no setor encarregado pela expedi\u00e7\u00e3o dos precat\u00f3rios e RPV\u2019s referentes ao Diss\u00eddio Coletivo de 89, para solicita\u00e7\u00e3o dos recursos \u00e0 Uni\u00e3o. <\/span><\/p>\n<p><span style=\"font-weight: 400;\">Nesta nova etapa, fizemos nosso papel de narrar o longo tempo de tr\u00e2mite do processo, buscando sensibilizar os servidores da Justi\u00e7a, relatando a ang\u00fastia e os problemas decorrentes desta absurda demora. Em suma: solicitamos aten\u00e7\u00e3o especial ao caso e maior brevidade poss\u00edvel. \u00c9 o que temos sempre feito, mantendo presen\u00e7a constante. <\/span><\/p>\n<p><span style=\"font-weight: 400;\">Na ocasi\u00e3o em quest\u00e3o, foi informado a n\u00f3s que a a\u00e7\u00e3o vem sendo objeto de trabalho pelo setor, cujo pessoal est\u00e1 ciente dos problemas implicados no processo judicial. <\/span><\/p>\n<p><span style=\"font-weight: 400;\">Aos colegas servidores constantes na <\/span><strong><a href=\"http:\/\/www.asphan.org.br\/dissidio-listas-de-servidores-lotados-no-rj\">lista j\u00e1 apresentada no site<\/a><\/strong><span style=\"font-weight: 400;\">, a advogada solicitou, de forma a agilizar os procedimentos posteriores, que mantenham seus dados atualizados: telefone, e-mail e endere\u00e7o de resid\u00eancia, assim como eventual mudan\u00e7a de nome. Essas informa\u00e7\u00f5es devem ser enviadas para o seguinte endere\u00e7o eletr\u00f4nico: <\/span><a href=\"mailto:asphandn@superig.com.br\"><span style=\"font-weight: 400;\">asphandn@superig.com.br<\/span><\/a> <span style=\"font-weight: 400;\">&nbsp;<\/span><\/p>\n<p><span style=\"font-weight: 400;\">Lembramos que dados desatualizados junto \u00e0 advogada competente, sejam eles de apenas um integrante da a\u00e7\u00e3o, causam atrasos no processamento. Por isso, contamos com a colabora\u00e7\u00e3o de todos, com a devida agilidade. Obrigado!<\/span><\/p>\n<p><span style=\"font-weight: 400;\">Atenciosamente,<\/span><span style=\"font-weight: 400;\"><br \/>\n<\/span><span style=\"font-weight: 400;\">Leonardo Barreto<\/span><span style=\"font-weight: 400;\"><br \/>\n<\/span><span style=\"font-weight: 400;\">Presidente <\/span><b>ASPHAN<\/b><\/p>\n","protected":false},"excerpt":{"rendered":"<p>No dia 25 de junho de 2018, acompanhado da Dra. Claudia Duranti, das colegas Lucineide Le\u00f4ncio e Zulmira Pope, estivemos na Justi\u00e7a do Trabalho. Mais especificamente no setor encarregado pela expedi\u00e7\u00e3o dos precat\u00f3rios e RPV\u2019s referentes ao Diss\u00eddio Coletivo de 89, para solicita\u00e7\u00e3o dos recursos \u00e0 Uni\u00e3o. Nesta nova etapa, fizemos nosso papel de narrar [&hellip;]<\/p>\n","protected":false},"author":3,"featured_media":0,"comment_status":"closed","ping_status":"closed","sticky":false,"template":"","format":"standard","meta":{"_bbp_topic_count":0,"_bbp_reply_count":0,"_bbp_total_topic_count":0,"_bbp_total_reply_count":0,"_bbp_voice_count":0,"_bbp_anonymous_reply_count":0,"_bbp_topic_count_hidden":0,"_bbp_reply_count_hidden":0,"_bbp_forum_subforum_count":0,"ngg_post_thumbnail":0,"_links_to":"","_links_to_target":""},"categories":[7,18],"tags":[],"_links":{"self":[{"href":"http:\/\/www.asphan.org.br\/index.php\/wp-json\/wp\/v2\/posts\/1798"}],"collection":[{"href":"http:\/\/www.asphan.org.br\/index.php\/wp-json\/wp\/v2\/posts"}],"about":[{"href":"http:\/\/www.asphan.org.br\/index.php\/wp-json\/wp\/v2\/types\/post"}],"author":[{"embeddable":true,"href":"http:\/\/www.asphan.org.br\/index.php\/wp-json\/wp\/v2\/users\/3"}],"replies":[{"embeddable":true,"href":"http:\/\/www.asphan.org.br\/index.php\/wp-json\/wp\/v2\/comments?post=1798"}],"version-history":[{"count":3,"href":"http:\/\/www.asphan.org.br\/index.php\/wp-json\/wp\/v2\/posts\/1798\/revisions"}],"predecessor-version":[{"id":1801,"href":"http:\/\/www.asphan.org.br\/index.php\/wp-json\/wp\/v2\/posts\/1798\/revisions\/1801"}],"wp:attachment":[{"href":"http:\/\/www.asphan.org.br\/index.php\/wp-json\/wp\/v2\/media?parent=1798"}],"wp:term":[{"taxonomy":"category","embeddable":true,"href":"http:\/\/www.asphan.org.br\/index.php\/wp-json\/wp\/v2\/categories?post=1798"},{"taxonomy":"post_tag","embeddable":true,"href":"http:\/\/www.asphan.org.br\/index.php\/wp-json\/wp\/v2\/tags?post=1798"}],"curies":[{"name":"wp","href":"https:\/\/api.w.org\/{rel}","templated":true}]}}