{"id":1819,"date":"2018-08-17T09:32:53","date_gmt":"2018-08-17T12:32:53","guid":{"rendered":"http:\/\/www.asphan.org.br\/index.php\/?p=1819"},"modified":"2018-08-17T09:36:37","modified_gmt":"2018-08-17T12:36:37","slug":"colegas-falecidos-na-acao-do-dissidio-de-89","status":"publish","type":"post","link":"http:\/\/www.asphan.org.br\/index.php\/colegas-falecidos-na-acao-do-dissidio-de-89","title":{"rendered":"Colegas falecidos na a\u00e7\u00e3o do Diss\u00eddio de 89"},"content":{"rendered":"<p><span style=\"font-weight: 400;\">Caros Colegas,<\/span><\/p>\n<p><span style=\"font-weight: 400;\">Primeiramente, cumpre agradecer o pronto aux\u00edlio prestado pela colega Edinea Carlan, que j\u00e1 nos contatou passando endere\u00e7o de parentes da senhora Ana Maria Costa Soares. \u00c9 com este esp\u00edrito que nossa associa\u00e7\u00e3o conseguiu chegar aos seus mais de trinta anos. A consci\u00eancia da necessidade de m\u00fatua ajuda e comportamento fraternal fizeram-nos sobreviver a todos os ataques de seguidos governos contra os servidores do IPHAN e IBRAM.<\/span><\/p>\n<p><span style=\"font-weight: 400;\">Pe\u00e7o tamb\u00e9m aux\u00edlio, para o caso das servidoras abaixo listadas, cujos parentes ainda necessitamos fazer contato:<\/span><\/p>\n<p><span style=\"font-weight: 400;\">Sra. Ecyla Castanheira Brand\u00e3o<br \/>\n<\/span><span style=\"font-weight: 400;\">Sra. L\u00e9lia Gontijo Soares<br \/>\n<\/span><span style=\"font-weight: 400;\">Sra. Wanda Martins Loredo<\/span><\/p>\n<p><span style=\"font-weight: 400;\">Abra\u00e7o a todos,<\/span><br \/>\n<span style=\"font-weight: 400;\">Leonardo Barreto<br \/>\n<\/span>Presidente<strong> ASPHAN<\/strong><\/p>\n","protected":false},"excerpt":{"rendered":"<p>Caros Colegas, Primeiramente, cumpre agradecer o pronto aux\u00edlio prestado pela colega Edinea Carlan, que j\u00e1 nos contatou passando endere\u00e7o de parentes da senhora Ana Maria Costa Soares. \u00c9 com este esp\u00edrito que nossa associa\u00e7\u00e3o conseguiu chegar aos seus mais de trinta anos. A consci\u00eancia da necessidade de m\u00fatua ajuda e comportamento fraternal fizeram-nos sobreviver a [&hellip;]<\/p>\n","protected":false},"author":3,"featured_media":0,"comment_status":"closed","ping_status":"closed","sticky":false,"template":"","format":"standard","meta":{"_bbp_topic_count":0,"_bbp_reply_count":0,"_bbp_total_topic_count":0,"_bbp_total_reply_count":0,"_bbp_voice_count":0,"_bbp_anonymous_reply_count":0,"_bbp_topic_count_hidden":0,"_bbp_reply_count_hidden":0,"_bbp_forum_subforum_count":0,"ngg_post_thumbnail":0,"_links_to":"","_links_to_target":""},"categories":[7,18],"tags":[],"_links":{"self":[{"href":"http:\/\/www.asphan.org.br\/index.php\/wp-json\/wp\/v2\/posts\/1819"}],"collection":[{"href":"http:\/\/www.asphan.org.br\/index.php\/wp-json\/wp\/v2\/posts"}],"about":[{"href":"http:\/\/www.asphan.org.br\/index.php\/wp-json\/wp\/v2\/types\/post"}],"author":[{"embeddable":true,"href":"http:\/\/www.asphan.org.br\/index.php\/wp-json\/wp\/v2\/users\/3"}],"replies":[{"embeddable":true,"href":"http:\/\/www.asphan.org.br\/index.php\/wp-json\/wp\/v2\/comments?post=1819"}],"version-history":[{"count":3,"href":"http:\/\/www.asphan.org.br\/index.php\/wp-json\/wp\/v2\/posts\/1819\/revisions"}],"predecessor-version":[{"id":1821,"href":"http:\/\/www.asphan.org.br\/index.php\/wp-json\/wp\/v2\/posts\/1819\/revisions\/1821"}],"wp:attachment":[{"href":"http:\/\/www.asphan.org.br\/index.php\/wp-json\/wp\/v2\/media?parent=1819"}],"wp:term":[{"taxonomy":"category","embeddable":true,"href":"http:\/\/www.asphan.org.br\/index.php\/wp-json\/wp\/v2\/categories?post=1819"},{"taxonomy":"post_tag","embeddable":true,"href":"http:\/\/www.asphan.org.br\/index.php\/wp-json\/wp\/v2\/tags?post=1819"}],"curies":[{"name":"wp","href":"https:\/\/api.w.org\/{rel}","templated":true}]}}