{"id":1822,"date":"2018-08-17T09:36:18","date_gmt":"2018-08-17T12:36:18","guid":{"rendered":"http:\/\/www.asphan.org.br\/index.php\/?p=1822"},"modified":"2018-08-17T09:36:18","modified_gmt":"2018-08-17T12:36:18","slug":"acesso-a-intranet-para-colegas-aposentados","status":"publish","type":"post","link":"http:\/\/www.asphan.org.br\/index.php\/acesso-a-intranet-para-colegas-aposentados","title":{"rendered":"Acesso \u00e0 intranet para colegas aposentados"},"content":{"rendered":"<p><span style=\"font-weight: 400;\">Caros Colegas,<\/span><\/p>\n<p><span style=\"font-weight: 400;\">Por diversas vezes, solicitamos \u00e0 dire\u00e7\u00e3o do IPHAN que os aposentados n\u00e3o fossem mais exclu\u00eddos do acesso \u00e0 intranet e das mensagens destinadas a todos os servidores, sendo garantida a manuten\u00e7\u00e3o de seus endere\u00e7os de e-mail institucional. O diretor do DPA nos assegurou que esse procedimento seria alterado. <\/span><\/p>\n<p><span style=\"font-weight: 400;\">At\u00e9 onde sabemos, de fato, parece ter sido descontinuada esta perversa pol\u00edtica. Contudo, n\u00e3o sabemos dizer e nem temos como controlar, se aqueles que foram desativados anteriormente foram novamente inseridos. O senhor Jorge Lucchesi nos enviou mensagem cobrando provid\u00eancias nesse sentido. <\/span><\/p>\n<p><span style=\"font-weight: 400;\">Desta forma, entendemos que o melhor seria que abr\u00edssemos a quest\u00e3o a todos os colegas associados que tiveram seu acesso retirado das comunica\u00e7\u00f5es do IPHAN. Pedimos \u00e0queles nesta situa\u00e7\u00e3o que, caso se interessem, enviem-nos o nome completo e seu antigo e-mail para que fa\u00e7amos as gest\u00f5es necess\u00e1rias junto ao DPA.<\/span><\/p>\n<p><span style=\"font-weight: 400;\">Abra\u00e7o a todos,<br \/>\n<\/span><span style=\"font-weight: 400;\">Leonardo Barreto<br \/>\nPresidente <strong>ASPHAN<\/strong><\/span><\/p>\n","protected":false},"excerpt":{"rendered":"<p>Caros Colegas, Por diversas vezes, solicitamos \u00e0 dire\u00e7\u00e3o do IPHAN que os aposentados n\u00e3o fossem mais exclu\u00eddos do acesso \u00e0 intranet e das mensagens destinadas a todos os servidores, sendo garantida a manuten\u00e7\u00e3o de seus endere\u00e7os de e-mail institucional. O diretor do DPA nos assegurou que esse procedimento seria alterado. At\u00e9 onde sabemos, de fato, [&hellip;]<\/p>\n","protected":false},"author":3,"featured_media":0,"comment_status":"closed","ping_status":"closed","sticky":false,"template":"","format":"standard","meta":{"_bbp_topic_count":0,"_bbp_reply_count":0,"_bbp_total_topic_count":0,"_bbp_total_reply_count":0,"_bbp_voice_count":0,"_bbp_anonymous_reply_count":0,"_bbp_topic_count_hidden":0,"_bbp_reply_count_hidden":0,"_bbp_forum_subforum_count":0,"ngg_post_thumbnail":0,"_links_to":"","_links_to_target":""},"categories":[7,18],"tags":[],"_links":{"self":[{"href":"http:\/\/www.asphan.org.br\/index.php\/wp-json\/wp\/v2\/posts\/1822"}],"collection":[{"href":"http:\/\/www.asphan.org.br\/index.php\/wp-json\/wp\/v2\/posts"}],"about":[{"href":"http:\/\/www.asphan.org.br\/index.php\/wp-json\/wp\/v2\/types\/post"}],"author":[{"embeddable":true,"href":"http:\/\/www.asphan.org.br\/index.php\/wp-json\/wp\/v2\/users\/3"}],"replies":[{"embeddable":true,"href":"http:\/\/www.asphan.org.br\/index.php\/wp-json\/wp\/v2\/comments?post=1822"}],"version-history":[{"count":2,"href":"http:\/\/www.asphan.org.br\/index.php\/wp-json\/wp\/v2\/posts\/1822\/revisions"}],"predecessor-version":[{"id":1824,"href":"http:\/\/www.asphan.org.br\/index.php\/wp-json\/wp\/v2\/posts\/1822\/revisions\/1824"}],"wp:attachment":[{"href":"http:\/\/www.asphan.org.br\/index.php\/wp-json\/wp\/v2\/media?parent=1822"}],"wp:term":[{"taxonomy":"category","embeddable":true,"href":"http:\/\/www.asphan.org.br\/index.php\/wp-json\/wp\/v2\/categories?post=1822"},{"taxonomy":"post_tag","embeddable":true,"href":"http:\/\/www.asphan.org.br\/index.php\/wp-json\/wp\/v2\/tags?post=1822"}],"curies":[{"name":"wp","href":"https:\/\/api.w.org\/{rel}","templated":true}]}}