{"id":1826,"date":"2018-08-21T19:13:14","date_gmt":"2018-08-21T22:13:14","guid":{"rendered":"http:\/\/www.asphan.org.br\/index.php\/?p=1826"},"modified":"2018-08-21T21:20:20","modified_gmt":"2018-08-22T00:20:20","slug":"nota-sobre-a-reuniao-do-gpcot-em-22-de-agosto-de-2018","status":"publish","type":"post","link":"http:\/\/www.asphan.org.br\/index.php\/nota-sobre-a-reuniao-do-gpcot-em-22-de-agosto-de-2018","title":{"rendered":"Nota sobre a reuni\u00e3o do GPCOT em 22 de agosto de 2018"},"content":{"rendered":"<p><span style=\"font-weight: 400;\">Conforme hav\u00edamos nos manifestado antes, relativamente a reuni\u00f5es do GPCOT, a presen\u00e7a dos representantes da <\/span><b>ASPHAN<\/b><span style=\"font-weight: 400;\">, da ASBN e da ASSERTE est\u00e1 condicionada a uma mudan\u00e7a de postura por parte dos dirigentes do MinC, na condu\u00e7\u00e3o dos encaminhamentos deste grupo de trabalho. <\/span><\/p>\n<p><span style=\"font-weight: 400;\">Entendemos que a realiza\u00e7\u00e3o de reuni\u00f5es do GPCOT demanda preparo anterior, com a imprescind\u00edvel realiza\u00e7\u00e3o de encontros envolvendo dirigentes das autarquias e representantes das associa\u00e7\u00f5es, no intuito de produzir um aprofundamento das discuss\u00f5es internas.&nbsp;<\/span>Trata-se de passo fundamental e condi\u00e7\u00e3o pr\u00e9via para que algum proveito se possa tirar desses espa\u00e7os.<\/p>\n<p>Como prosseguem no MinC os comportamentos err\u00e1ticos e agendamentos de \u00faltima hora, sem que haja possibilidades razo\u00e1veis de algum sucesso nas negocia\u00e7\u00f5es, as associa\u00e7\u00f5es supracitadas entendem que utilizar o dinheiro das entidades para custear o deslocamento de seus representantes n\u00e3o encontra respaldo l\u00f3gico.<\/p>\n<p><span style=\"font-weight: 400;\">Manifestamos nosso veemente rep\u00fadio por sequer as associa\u00e7\u00f5es terem sido oficialmente comunicadas, at\u00e9 o presente momento, sobre a reuni\u00e3o do Grupo a ser realizada amanh\u00e3 (22\/08\/2018). Consideramos a atitude pouco profissional e de profundo desrespeito para com o conjunto de seus servidores.<\/span><\/p>\n","protected":false},"excerpt":{"rendered":"<p>Conforme hav\u00edamos nos manifestado antes, relativamente a reuni\u00f5es do GPCOT, a presen\u00e7a dos representantes da ASPHAN, da ASBN e da ASSERTE est\u00e1 condicionada a uma mudan\u00e7a de postura por parte dos dirigentes do MinC, na condu\u00e7\u00e3o dos encaminhamentos deste grupo de trabalho. Entendemos que a realiza\u00e7\u00e3o de reuni\u00f5es do GPCOT demanda preparo anterior, com a [&hellip;]<\/p>\n","protected":false},"author":3,"featured_media":0,"comment_status":"closed","ping_status":"closed","sticky":false,"template":"","format":"standard","meta":{"_bbp_topic_count":0,"_bbp_reply_count":0,"_bbp_total_topic_count":0,"_bbp_total_reply_count":0,"_bbp_voice_count":0,"_bbp_anonymous_reply_count":0,"_bbp_topic_count_hidden":0,"_bbp_reply_count_hidden":0,"_bbp_forum_subforum_count":0,"ngg_post_thumbnail":0,"_links_to":"","_links_to_target":""},"categories":[7,18],"tags":[],"_links":{"self":[{"href":"http:\/\/www.asphan.org.br\/index.php\/wp-json\/wp\/v2\/posts\/1826"}],"collection":[{"href":"http:\/\/www.asphan.org.br\/index.php\/wp-json\/wp\/v2\/posts"}],"about":[{"href":"http:\/\/www.asphan.org.br\/index.php\/wp-json\/wp\/v2\/types\/post"}],"author":[{"embeddable":true,"href":"http:\/\/www.asphan.org.br\/index.php\/wp-json\/wp\/v2\/users\/3"}],"replies":[{"embeddable":true,"href":"http:\/\/www.asphan.org.br\/index.php\/wp-json\/wp\/v2\/comments?post=1826"}],"version-history":[{"count":3,"href":"http:\/\/www.asphan.org.br\/index.php\/wp-json\/wp\/v2\/posts\/1826\/revisions"}],"predecessor-version":[{"id":1829,"href":"http:\/\/www.asphan.org.br\/index.php\/wp-json\/wp\/v2\/posts\/1826\/revisions\/1829"}],"wp:attachment":[{"href":"http:\/\/www.asphan.org.br\/index.php\/wp-json\/wp\/v2\/media?parent=1826"}],"wp:term":[{"taxonomy":"category","embeddable":true,"href":"http:\/\/www.asphan.org.br\/index.php\/wp-json\/wp\/v2\/categories?post=1826"},{"taxonomy":"post_tag","embeddable":true,"href":"http:\/\/www.asphan.org.br\/index.php\/wp-json\/wp\/v2\/tags?post=1826"}],"curies":[{"name":"wp","href":"https:\/\/api.w.org\/{rel}","templated":true}]}}