{"id":1831,"date":"2018-09-03T14:40:18","date_gmt":"2018-09-03T17:40:18","guid":{"rendered":"http:\/\/www.asphan.org.br\/index.php\/?p=1831"},"modified":"2018-09-03T14:40:18","modified_gmt":"2018-09-03T17:40:18","slug":"incendio-no-museu-nacional-saberes-perdidos","status":"publish","type":"post","link":"http:\/\/www.asphan.org.br\/index.php\/incendio-no-museu-nacional-saberes-perdidos","title":{"rendered":"Inc\u00eandio no Museu Nacional: Saberes Perdidos"},"content":{"rendered":"<p><span style=\"font-weight: 400;\">Ap\u00f3s uma noite de horror, seguir-se-\u00e3o dias e noites de vergonha. Nossa gera\u00e7\u00e3o n\u00e3o conseguiu o b\u00e1sico: entregar \u00e0s pr\u00f3ximas o que nos foi legado. L\u00e1 estive com meu filho, e ele n\u00e3o poder\u00e1 levar os dele! <\/span><\/p>\n<p><span style=\"font-weight: 400;\">Algumas trag\u00e9dias decorrem de fatos alheios \u00e0 nossa vontade, fora de nosso alcance. O ocorrido ontem, n\u00e3o! Configura-se como a aut\u00eantica cr\u00f4nica de uma morte anunciada. Como, ali\u00e1s, podem ser listados in\u00fameros outros locais valios\u00edssimos para nossa na\u00e7\u00e3o e para a humanidade \u2013 por exemplo, a Biblioteca Nacional. <\/span><\/p>\n<p><span style=\"font-weight: 400;\">Temos capacidade t\u00e9cnica e poder\u00edamos ter recursos financeiros para evitar tamanha perda, se estes n\u00e3o fossem seguidamente dilapidados pela corrup\u00e7\u00e3o e pela m\u00e1 gest\u00e3o. Ademais, falta aos nossos dirigentes dos escal\u00f5es superiores, compreens\u00e3o e discernimento do real valor, da dimens\u00e3o, do significado da Cultura, sua enorme import\u00e2ncia para a constru\u00e7\u00e3o da cidadania, para a forma\u00e7\u00e3o educacional de nosso povo. A mediocridade \u00e9 a regra. <\/span><\/p>\n<p><span style=\"font-weight: 400;\">H\u00e1 trinta e dois anos na institui\u00e7\u00e3o, vejo a luta insana da maioria dos servidores e, justi\u00e7a seja feita, de alguns dirigentes, contra o descaso, o abandono e a inc\u00faria com rela\u00e7\u00e3o \u00e0 Cultura de nosso pa\u00eds. Hoje, muitos brasileiros devem ter acordado tristes, por\u00e9m n\u00f3s, servidores da Cultura, acordamos enfurecidos, pois alertamos de todos os modos poss\u00edveis sobre a imensa possibilidade de ocorr\u00eancias como esta. Pregamos no deserto. <\/span><\/p>\n<p><span style=\"font-weight: 400;\">Muitos ministros e alto gestores da \u00e1rea da cultura passaram, poucos fizeram algo digno de nota. &nbsp;Se nosso cansa\u00e7o era j\u00e1 imenso, hoje o fardo parece insuport\u00e1vel. E, para coroar tamanho infort\u00fanio, aqueles que nada fizeram v\u00e3o ainda nos \u201cbrindar\u201d com frases feitas e o mais profundo esc\u00e1rnio, ao utilizarem palavras como \u201creconstru\u00e7\u00e3o\u201d. <\/span><\/p>\n<p><span style=\"font-weight: 400;\">Poderiam ao menos ter a dignidade de manter sil\u00eancio respeitoso para n\u00e3o aumentar nossa dor. Falas como estas somente nos trazem a certeza sobre a extens\u00e3o da ignor\u00e2ncia reinante, dos indiv\u00edduos al\u00e7ados a cargos nos quais o conhecimento e o m\u00e9rito n\u00e3o s\u00e3o quesitos a serem observados. Gest\u00e3o profissional e democr\u00e1tica s\u00e3o luxos desconhecidos. <\/span><\/p>\n<p><span style=\"font-weight: 400;\">Sentimos a dor de tantos colegas que dedicaram sua vida ao Museu Nacional. Nossa solidariedade fraterna em nome dos servidores do IPHAN e IBRAM, nossos associados. <\/span><\/p>\n<p><span style=\"font-weight: 400;\">At\u00e9 quando iremos escutar slogans rid\u00edculos como \u201cA cultura \u00e9 um bom neg\u00f3cio\u201d? A cultura n\u00e3o \u00e9 um neg\u00f3cio, \u00e9 direito fundamental de nossa gente e de toda humanidade. \u00c9 uma obriga\u00e7\u00e3o do Estado brasileiro. A situa\u00e7\u00e3o de abandono em que vivemos adv\u00e9m desse pensamento err\u00f4neo, de se achar que estes equipamentos culturais podem viver sem o devido apoio estatal, em lugar nenhum do mundo isto ocorre! <\/span><\/p>\n<p><span style=\"font-weight: 400;\">Antevejo muitas m\u00e3os sendo esfregadas com satisfa\u00e7\u00e3o, olhos \u00e0 espreita de mega projetos de restaura\u00e7\u00e3o, que enriquecer\u00e3o alguns, mas certamente drenar\u00e3o recursos de outras institui\u00e7\u00f5es culturais que apresentam as mesmas mazelas do Museu Nacional, as quais levaram-na a sua destrui\u00e7\u00e3o. Vis\u00e3o m\u00edope, desqualificada tecnicamente e voltada para interesses financeiros imediatistas. <\/span><\/p>\n<p><span style=\"font-weight: 400;\">Simula\u00e7\u00f5es pirot\u00e9cnicas destes acervos jamais os substituir\u00e3o. As informa\u00e7\u00f5es neles contidas, que poderiam ser retiradas com avan\u00e7os tecnol\u00f3gicos do futuro, jamais poder\u00e3o ser extra\u00eddas. Perdemos artefatos que ainda tinham muito o que nos dizer, calamo-os para sempre! Ao luto, sobrev\u00e9m a revolta. <\/span><\/p>\n<p><span style=\"font-weight: 400;\">Esperamos que todos os aspectos deste lament\u00e1vel epis\u00f3dio sejam apurados, pois, nos atuais dias, todas as possibilidades est\u00e3o em aberto, desde a corriqueira falta de condi\u00e7\u00f5es de funcionamento, at\u00e9 o acobertamento de a\u00e7\u00f5es criminosas. Confiamos que os \u00f3rg\u00e3os da Justi\u00e7a de fato se imponham, sem a\u00e7odamentos, mas com a firmeza e a determina\u00e7\u00e3o que uma perda desta magnitude requer. <\/span><\/p>\n<p><span style=\"font-weight: 400;\">Faz um ano que fiz uma palestra com o t\u00edtulo Saberes Perdidos, sobre a quest\u00e3o da preven\u00e7\u00e3o de inc\u00eandio em bens culturais. Pois bem, muitos saberes neste inc\u00eandio foram irremediavelmente perdidos.<\/span><\/p>\n<p><span style=\"font-weight: 400;\">Leonardo Barreto<\/span><span style=\"font-weight: 400;\"><br \/>\n<\/span><span style=\"font-weight: 400;\">Presidente <\/span><b>ASPHAN<\/b><\/p>\n","protected":false},"excerpt":{"rendered":"<p>Ap\u00f3s uma noite de horror, seguir-se-\u00e3o dias e noites de vergonha. Nossa gera\u00e7\u00e3o n\u00e3o conseguiu o b\u00e1sico: entregar \u00e0s pr\u00f3ximas o que nos foi legado. L\u00e1 estive com meu filho, e ele n\u00e3o poder\u00e1 levar os dele! Algumas trag\u00e9dias decorrem de fatos alheios \u00e0 nossa vontade, fora de nosso alcance. O ocorrido ontem, n\u00e3o! Configura-se [&hellip;]<\/p>\n","protected":false},"author":3,"featured_media":0,"comment_status":"closed","ping_status":"closed","sticky":false,"template":"","format":"standard","meta":{"_bbp_topic_count":0,"_bbp_reply_count":0,"_bbp_total_topic_count":0,"_bbp_total_reply_count":0,"_bbp_voice_count":0,"_bbp_anonymous_reply_count":0,"_bbp_topic_count_hidden":0,"_bbp_reply_count_hidden":0,"_bbp_forum_subforum_count":0,"ngg_post_thumbnail":0,"_links_to":"","_links_to_target":""},"categories":[7,18],"tags":[],"_links":{"self":[{"href":"http:\/\/www.asphan.org.br\/index.php\/wp-json\/wp\/v2\/posts\/1831"}],"collection":[{"href":"http:\/\/www.asphan.org.br\/index.php\/wp-json\/wp\/v2\/posts"}],"about":[{"href":"http:\/\/www.asphan.org.br\/index.php\/wp-json\/wp\/v2\/types\/post"}],"author":[{"embeddable":true,"href":"http:\/\/www.asphan.org.br\/index.php\/wp-json\/wp\/v2\/users\/3"}],"replies":[{"embeddable":true,"href":"http:\/\/www.asphan.org.br\/index.php\/wp-json\/wp\/v2\/comments?post=1831"}],"version-history":[{"count":2,"href":"http:\/\/www.asphan.org.br\/index.php\/wp-json\/wp\/v2\/posts\/1831\/revisions"}],"predecessor-version":[{"id":1833,"href":"http:\/\/www.asphan.org.br\/index.php\/wp-json\/wp\/v2\/posts\/1831\/revisions\/1833"}],"wp:attachment":[{"href":"http:\/\/www.asphan.org.br\/index.php\/wp-json\/wp\/v2\/media?parent=1831"}],"wp:term":[{"taxonomy":"category","embeddable":true,"href":"http:\/\/www.asphan.org.br\/index.php\/wp-json\/wp\/v2\/categories?post=1831"},{"taxonomy":"post_tag","embeddable":true,"href":"http:\/\/www.asphan.org.br\/index.php\/wp-json\/wp\/v2\/tags?post=1831"}],"curies":[{"name":"wp","href":"https:\/\/api.w.org\/{rel}","templated":true}]}}