{"id":1835,"date":"2018-09-11T10:40:14","date_gmt":"2018-09-11T13:40:14","guid":{"rendered":"http:\/\/www.asphan.org.br\/index.php\/?p=1835"},"modified":"2018-09-11T10:40:14","modified_gmt":"2018-09-11T13:40:14","slug":"nota-de-repudio-extincao-do-ibram","status":"publish","type":"post","link":"http:\/\/www.asphan.org.br\/index.php\/nota-de-repudio-extincao-do-ibram","title":{"rendered":"Nota de Rep\u00fadio &#8211; Extin\u00e7\u00e3o do IBRAM"},"content":{"rendered":"<p>N\u00f3s trabalhadores e trabalhadoras do Instituto Brasileiro de Museus, autarquia do Minist\u00e9rio da Cultura, criada pela lei 1.1906, de 20 de janeiro de 2009, que tem a miss\u00e3o de promover a valoriza\u00e7\u00e3o dos museus e do campo museal a fim de garantir o direito \u00e0s mem\u00f3rias, o respeito a diversidade e a universalidade de acesso aos bens musealizados, REPUDIAMOS a cria\u00e7\u00e3o da Ag\u00eancia Brasileira de Museus, a extin\u00e7\u00e3o deste Instituto e a privatiza\u00e7\u00e3o das pol\u00edticas p\u00fablicas de museus.<\/p>\n<p>O processo de mudan\u00e7a institucional imposto, sem di\u00e1logo com os trabalhadores e trabalhadoras, a sociedade civil organizada, o Sistema Brasileiro de Museus, o Conselho Consultivo do Patrim\u00f4nio Museol\u00f3gico, bem como todo o setor museol\u00f3gico, impossibilita a implementa\u00e7\u00e3o da Pol\u00edtica Nacional de Museus, a fun\u00e7\u00e3o social da mem\u00f3ria e precariza a gest\u00e3o, al\u00e9m de desrespeitar os profissionais que atuam nesse campo ao longo desses 200 anos de hist\u00f3ria museol\u00f3gica brasileira.<\/p>\n<p>A mudan\u00e7a imposta por esse governo a 25 dias das elei\u00e7\u00f5es \u00e9 ileg\u00edtima e contraria o dever constitucional do estado brasileiro de garantir o pleno exerc\u00edcio dos direitos culturais e acessos \u00e0s fontes da cultura nacional.<\/p>\n<p>Nossa pauta inegoci\u00e1vel \u00e9 a SUSPENS\u00c3O IMEDIATA das medidas provis\u00f3rias n\u00b0850 e 851 e o urgente debate sobre os encaminhamentos da Pol\u00edtica Nacional de Museus que vem sendo implementada desde 2003.<\/p>\n<p>Trabalhadores e trabalhadoras do Instituto Brasileiro de Museus<\/p>\n","protected":false},"excerpt":{"rendered":"<p>N\u00f3s trabalhadores e trabalhadoras do Instituto Brasileiro de Museus, autarquia do Minist\u00e9rio da Cultura, criada pela lei 1.1906, de 20 de janeiro de 2009, que tem a miss\u00e3o de promover a valoriza\u00e7\u00e3o dos museus e do campo museal a fim de garantir o direito \u00e0s mem\u00f3rias, o respeito a diversidade e a universalidade de acesso [&hellip;]<\/p>\n","protected":false},"author":3,"featured_media":0,"comment_status":"closed","ping_status":"closed","sticky":false,"template":"","format":"standard","meta":{"_bbp_topic_count":0,"_bbp_reply_count":0,"_bbp_total_topic_count":0,"_bbp_total_reply_count":0,"_bbp_voice_count":0,"_bbp_anonymous_reply_count":0,"_bbp_topic_count_hidden":0,"_bbp_reply_count_hidden":0,"_bbp_forum_subforum_count":0,"ngg_post_thumbnail":0,"_links_to":"","_links_to_target":""},"categories":[7,18],"tags":[],"_links":{"self":[{"href":"http:\/\/www.asphan.org.br\/index.php\/wp-json\/wp\/v2\/posts\/1835"}],"collection":[{"href":"http:\/\/www.asphan.org.br\/index.php\/wp-json\/wp\/v2\/posts"}],"about":[{"href":"http:\/\/www.asphan.org.br\/index.php\/wp-json\/wp\/v2\/types\/post"}],"author":[{"embeddable":true,"href":"http:\/\/www.asphan.org.br\/index.php\/wp-json\/wp\/v2\/users\/3"}],"replies":[{"embeddable":true,"href":"http:\/\/www.asphan.org.br\/index.php\/wp-json\/wp\/v2\/comments?post=1835"}],"version-history":[{"count":2,"href":"http:\/\/www.asphan.org.br\/index.php\/wp-json\/wp\/v2\/posts\/1835\/revisions"}],"predecessor-version":[{"id":1837,"href":"http:\/\/www.asphan.org.br\/index.php\/wp-json\/wp\/v2\/posts\/1835\/revisions\/1837"}],"wp:attachment":[{"href":"http:\/\/www.asphan.org.br\/index.php\/wp-json\/wp\/v2\/media?parent=1835"}],"wp:term":[{"taxonomy":"category","embeddable":true,"href":"http:\/\/www.asphan.org.br\/index.php\/wp-json\/wp\/v2\/categories?post=1835"},{"taxonomy":"post_tag","embeddable":true,"href":"http:\/\/www.asphan.org.br\/index.php\/wp-json\/wp\/v2\/tags?post=1835"}],"curies":[{"name":"wp","href":"https:\/\/api.w.org\/{rel}","templated":true}]}}