{"id":1839,"date":"2018-09-12T10:36:28","date_gmt":"2018-09-12T13:36:28","guid":{"rendered":"http:\/\/www.asphan.org.br\/index.php\/?p=1839"},"modified":"2018-09-12T10:37:15","modified_gmt":"2018-09-12T13:37:15","slug":"enquadramento-na-estrutura-remuneratoria-da-lei-12-27710","status":"publish","type":"post","link":"http:\/\/www.asphan.org.br\/index.php\/enquadramento-na-estrutura-remuneratoria-da-lei-12-27710","title":{"rendered":"Enquadramento na Estrutura Remunerat\u00f3ria da Lei 12.277\/10"},"content":{"rendered":"<p><span style=\"font-weight: 400;\">Em comunicado, o escrit\u00f3rio Bento Muniz Advocacia informou \u00e0 <\/span><b>ASPHAN<\/b><span style=\"font-weight: 400;\"> sobre a decis\u00e3o do Superior Tribunal de Justi\u00e7a, relativa \u00e0 Lei 12.277\/10, favor\u00e1vel ao enquadramento dos servidores representados pela Associa\u00e7\u00e3o na estrutura remunerat\u00f3ria.<\/span><\/p>\n<p><span style=\"font-weight: 400;\">Conforme texto do escrit\u00f3rio: <\/span><\/p>\n<p><span style=\"font-weight: 400;\">\u201cO Ministro entendeu que o recurso do IPHAN n\u00e3o preenchia os requisitos necess\u00e1rios para sua admissibilidade e, em raz\u00e3o disso, negou seguimento a ele, mantendo a decis\u00e3o proferida pelo TRF, que reconheceu aos Autores daquele processo o direito ao enquadramento na estrutura remunerat\u00f3ria prevista na Lei 12.277\/10, com a devida implanta\u00e7\u00e3o da GDACE e pagamento das parcelas em atraso.<\/span><\/p>\n<p><span style=\"font-weight: 400;\">Embora a decis\u00e3o beneficie diretamente apenas os autores naquele processo e ainda esteja sujeita a recurso, acaba por sinalizar um posicionamento favor\u00e1vel do STJ em todos os demais casos\u201d.<\/span><\/p>\n<p><span style=\"font-weight: 400;\">O arquivo com a decis\u00e3o do STJ <\/span><a href=\"http:\/\/www.asphan.org.br\/index.php\/decisao-stj\"><b>est\u00e1 dispon\u00edvel aqui<\/b><\/a><span style=\"font-weight: 400;\">.<\/span><\/p>\n","protected":false},"excerpt":{"rendered":"<p>Em comunicado, o escrit\u00f3rio Bento Muniz Advocacia informou \u00e0 ASPHAN sobre a decis\u00e3o do Superior Tribunal de Justi\u00e7a, relativa \u00e0 Lei 12.277\/10, favor\u00e1vel ao enquadramento dos servidores representados pela Associa\u00e7\u00e3o na estrutura remunerat\u00f3ria. Conforme texto do escrit\u00f3rio: \u201cO Ministro entendeu que o recurso do IPHAN n\u00e3o preenchia os requisitos necess\u00e1rios para sua admissibilidade e, em [&hellip;]<\/p>\n","protected":false},"author":3,"featured_media":0,"comment_status":"closed","ping_status":"closed","sticky":false,"template":"","format":"standard","meta":{"_bbp_topic_count":0,"_bbp_reply_count":0,"_bbp_total_topic_count":0,"_bbp_total_reply_count":0,"_bbp_voice_count":0,"_bbp_anonymous_reply_count":0,"_bbp_topic_count_hidden":0,"_bbp_reply_count_hidden":0,"_bbp_forum_subforum_count":0,"ngg_post_thumbnail":0,"_links_to":"","_links_to_target":""},"categories":[7,18],"tags":[],"_links":{"self":[{"href":"http:\/\/www.asphan.org.br\/index.php\/wp-json\/wp\/v2\/posts\/1839"}],"collection":[{"href":"http:\/\/www.asphan.org.br\/index.php\/wp-json\/wp\/v2\/posts"}],"about":[{"href":"http:\/\/www.asphan.org.br\/index.php\/wp-json\/wp\/v2\/types\/post"}],"author":[{"embeddable":true,"href":"http:\/\/www.asphan.org.br\/index.php\/wp-json\/wp\/v2\/users\/3"}],"replies":[{"embeddable":true,"href":"http:\/\/www.asphan.org.br\/index.php\/wp-json\/wp\/v2\/comments?post=1839"}],"version-history":[{"count":2,"href":"http:\/\/www.asphan.org.br\/index.php\/wp-json\/wp\/v2\/posts\/1839\/revisions"}],"predecessor-version":[{"id":1842,"href":"http:\/\/www.asphan.org.br\/index.php\/wp-json\/wp\/v2\/posts\/1839\/revisions\/1842"}],"wp:attachment":[{"href":"http:\/\/www.asphan.org.br\/index.php\/wp-json\/wp\/v2\/media?parent=1839"}],"wp:term":[{"taxonomy":"category","embeddable":true,"href":"http:\/\/www.asphan.org.br\/index.php\/wp-json\/wp\/v2\/categories?post=1839"},{"taxonomy":"post_tag","embeddable":true,"href":"http:\/\/www.asphan.org.br\/index.php\/wp-json\/wp\/v2\/tags?post=1839"}],"curies":[{"name":"wp","href":"https:\/\/api.w.org\/{rel}","templated":true}]}}