{"id":1858,"date":"2018-10-30T16:12:08","date_gmt":"2018-10-30T18:12:08","guid":{"rendered":"http:\/\/www.asphan.org.br\/index.php\/?p=1858"},"modified":"2018-10-30T16:12:08","modified_gmt":"2018-10-30T18:12:08","slug":"expedicao-dissidio-coletivo-de-89","status":"publish","type":"post","link":"http:\/\/www.asphan.org.br\/index.php\/expedicao-dissidio-coletivo-de-89","title":{"rendered":"Expedi\u00e7\u00e3o: Diss\u00eddio Coletivo de 89"},"content":{"rendered":"<p><span style=\"font-weight: 400;\">Hoje, 30 de outubro, estive com a Dra. Claudia Duranti, advogada respons\u00e1vel pelo processo do Diss\u00eddio Coletivo de 89. Em nossa conversa, ela informou que, na \u00faltima semana, esteve na Justi\u00e7a do Trabalho, no setor de expedi\u00e7\u00e3o, onde obteve os seguintes repasses:<\/span><\/p>\n<ol>\n<li><span style=\"font-weight: 400;\"> Com rela\u00e7\u00e3o aos servidores listados para receber por meio de Precat\u00f3rio, os recursos j\u00e1 foram disponibilizados pela Uni\u00e3o e a previs\u00e3o \u00e9 que os pagamentos ocorram no m\u00eas de novembro. A ordem de pagamento dos precat\u00f3rios se inicia por processos de servidores dos minist\u00e9rios, seguindo depois para as autarquias e finaliza-se com as funda\u00e7\u00f5es. Neste m\u00eas de outubro, est\u00e3o sendo pagos os precat\u00f3rios de processos relativos a servidores dos minist\u00e9rios, decorre da\u00ed a previs\u00e3o de pagamento dos precat\u00f3rios de nossa a\u00e7\u00e3o para novembro.\n<p><\/span><\/li>\n<li><span style=\"font-weight: 400;\"> Com rela\u00e7\u00e3o aos RPVs, a previs\u00e3o \u00e9 de que estejam conclu\u00eddos os tr\u00e2mites na se\u00e7\u00e3o de expedi\u00e7\u00e3o em novembro, e sejam solicitados os recursos a Uni\u00e3o para pagamento dos mesmos. Assim que tivermos noticias, imediatamente informaremos aos colegas. Acreditamos que teremos os prazos melhor definidos na segunda quinzena de novembro.<\/span><\/li>\n<\/ol>\n<p><span style=\"font-weight: 400;\">Abra\u00e7o a todos,<\/span><span style=\"font-weight: 400;\"><br \/>\n<\/span><span style=\"font-weight: 400;\">Leonardo Barreto<\/span><span style=\"font-weight: 400;\"><br \/>\n<\/span><span style=\"font-weight: 400;\">Presid\u00eancia<\/span><b> ASPHAN<\/b><\/p>\n","protected":false},"excerpt":{"rendered":"<p>Hoje, 30 de outubro, estive com a Dra. Claudia Duranti, advogada respons\u00e1vel pelo processo do Diss\u00eddio Coletivo de 89. Em nossa conversa, ela informou que, na \u00faltima semana, esteve na Justi\u00e7a do Trabalho, no setor de expedi\u00e7\u00e3o, onde obteve os seguintes repasses: Com rela\u00e7\u00e3o aos servidores listados para receber por meio de Precat\u00f3rio, os recursos [&hellip;]<\/p>\n","protected":false},"author":3,"featured_media":0,"comment_status":"closed","ping_status":"closed","sticky":false,"template":"","format":"standard","meta":{"_bbp_topic_count":0,"_bbp_reply_count":0,"_bbp_total_topic_count":0,"_bbp_total_reply_count":0,"_bbp_voice_count":0,"_bbp_anonymous_reply_count":0,"_bbp_topic_count_hidden":0,"_bbp_reply_count_hidden":0,"_bbp_forum_subforum_count":0,"ngg_post_thumbnail":0,"_links_to":"","_links_to_target":""},"categories":[17,7,18],"tags":[],"_links":{"self":[{"href":"http:\/\/www.asphan.org.br\/index.php\/wp-json\/wp\/v2\/posts\/1858"}],"collection":[{"href":"http:\/\/www.asphan.org.br\/index.php\/wp-json\/wp\/v2\/posts"}],"about":[{"href":"http:\/\/www.asphan.org.br\/index.php\/wp-json\/wp\/v2\/types\/post"}],"author":[{"embeddable":true,"href":"http:\/\/www.asphan.org.br\/index.php\/wp-json\/wp\/v2\/users\/3"}],"replies":[{"embeddable":true,"href":"http:\/\/www.asphan.org.br\/index.php\/wp-json\/wp\/v2\/comments?post=1858"}],"version-history":[{"count":2,"href":"http:\/\/www.asphan.org.br\/index.php\/wp-json\/wp\/v2\/posts\/1858\/revisions"}],"predecessor-version":[{"id":1860,"href":"http:\/\/www.asphan.org.br\/index.php\/wp-json\/wp\/v2\/posts\/1858\/revisions\/1860"}],"wp:attachment":[{"href":"http:\/\/www.asphan.org.br\/index.php\/wp-json\/wp\/v2\/media?parent=1858"}],"wp:term":[{"taxonomy":"category","embeddable":true,"href":"http:\/\/www.asphan.org.br\/index.php\/wp-json\/wp\/v2\/categories?post=1858"},{"taxonomy":"post_tag","embeddable":true,"href":"http:\/\/www.asphan.org.br\/index.php\/wp-json\/wp\/v2\/tags?post=1858"}],"curies":[{"name":"wp","href":"https:\/\/api.w.org\/{rel}","templated":true}]}}