{"id":1865,"date":"2018-12-04T17:45:11","date_gmt":"2018-12-04T19:45:11","guid":{"rendered":"http:\/\/www.asphan.org.br\/index.php\/?p=1865"},"modified":"2018-12-04T17:45:11","modified_gmt":"2018-12-04T19:45:11","slug":"nota-sobre-o-dissidio-coletivo-de-89-3","status":"publish","type":"post","link":"http:\/\/www.asphan.org.br\/index.php\/nota-sobre-o-dissidio-coletivo-de-89-3","title":{"rendered":"Nota sobre o Diss\u00eddio Coletivo de 89"},"content":{"rendered":"<p><span style=\"font-weight: 400;\">Caros Colegas,<\/span><\/p>\n<p><span style=\"font-weight: 400;\">No dia 28 de novembro deste ano, estive acompanhado pelas dras. Cl\u00e1udia e Ludmila, advogadas do processo do Diss\u00eddio, na Vara de Expedi\u00e7\u00e3o de Precat\u00f3rios e RPVs. Conversando com o chefe do setor, nos foi informado que os recursos para pagamentos dos precat\u00f3rios j\u00e1 foram solicitados ao setor financeiro. Portanto, o pagamento tem previs\u00e3o de realiza\u00e7\u00e3o na segunda quinzena de dezembro. &nbsp;<\/span><\/p>\n<p><span style=\"font-weight: 400;\">A secret\u00e1ria da <\/span><b>ASPHAN<\/b><span style=\"font-weight: 400;\"> est\u00e1 realizando contatos com os servidores que se encontram inseridos na listagem dos precat\u00f3rios, mas solicitamos que os mesmos se antecipem e procurem nossos funcion\u00e1rios para fornecimento de seus dados banc\u00e1rios. Visamos com isto, a pedido de nossa advogada, agilizar os procedimentos relativos ao recebimento dos valores devidos. <\/span><\/p>\n<p><span style=\"font-weight: 400;\">Com refer\u00eancia aos RPVs, fomos informados que seguindo a fila estabelecida pela data de entrada naquela vara, chegou o momento de an\u00e1lise de nosso processo, que desde 26 de novembro se encontra em processamento. A data certa de sua conclus\u00e3o ficou de nos ser repassada ap\u00f3s o dia 15 e iremos repassar imediatamente a todos.<\/span><\/p>\n<p><span style=\"font-weight: 400;\">Abra\u00e7o,<\/span><span style=\"font-weight: 400;\"><br \/>\n<\/span><span style=\"font-weight: 400;\">Leonardo Barreto<\/span><\/p>\n","protected":false},"excerpt":{"rendered":"<p>Caros Colegas, No dia 28 de novembro deste ano, estive acompanhado pelas dras. Cl\u00e1udia e Ludmila, advogadas do processo do Diss\u00eddio, na Vara de Expedi\u00e7\u00e3o de Precat\u00f3rios e RPVs. Conversando com o chefe do setor, nos foi informado que os recursos para pagamentos dos precat\u00f3rios j\u00e1 foram solicitados ao setor financeiro. Portanto, o pagamento tem [&hellip;]<\/p>\n","protected":false},"author":3,"featured_media":0,"comment_status":"closed","ping_status":"closed","sticky":false,"template":"","format":"standard","meta":{"_bbp_topic_count":0,"_bbp_reply_count":0,"_bbp_total_topic_count":0,"_bbp_total_reply_count":0,"_bbp_voice_count":0,"_bbp_anonymous_reply_count":0,"_bbp_topic_count_hidden":0,"_bbp_reply_count_hidden":0,"_bbp_forum_subforum_count":0,"ngg_post_thumbnail":0,"_links_to":"","_links_to_target":""},"categories":[7,18],"tags":[],"_links":{"self":[{"href":"http:\/\/www.asphan.org.br\/index.php\/wp-json\/wp\/v2\/posts\/1865"}],"collection":[{"href":"http:\/\/www.asphan.org.br\/index.php\/wp-json\/wp\/v2\/posts"}],"about":[{"href":"http:\/\/www.asphan.org.br\/index.php\/wp-json\/wp\/v2\/types\/post"}],"author":[{"embeddable":true,"href":"http:\/\/www.asphan.org.br\/index.php\/wp-json\/wp\/v2\/users\/3"}],"replies":[{"embeddable":true,"href":"http:\/\/www.asphan.org.br\/index.php\/wp-json\/wp\/v2\/comments?post=1865"}],"version-history":[{"count":2,"href":"http:\/\/www.asphan.org.br\/index.php\/wp-json\/wp\/v2\/posts\/1865\/revisions"}],"predecessor-version":[{"id":1867,"href":"http:\/\/www.asphan.org.br\/index.php\/wp-json\/wp\/v2\/posts\/1865\/revisions\/1867"}],"wp:attachment":[{"href":"http:\/\/www.asphan.org.br\/index.php\/wp-json\/wp\/v2\/media?parent=1865"}],"wp:term":[{"taxonomy":"category","embeddable":true,"href":"http:\/\/www.asphan.org.br\/index.php\/wp-json\/wp\/v2\/categories?post=1865"},{"taxonomy":"post_tag","embeddable":true,"href":"http:\/\/www.asphan.org.br\/index.php\/wp-json\/wp\/v2\/tags?post=1865"}],"curies":[{"name":"wp","href":"https:\/\/api.w.org\/{rel}","templated":true}]}}