{"id":1868,"date":"2018-12-20T15:12:52","date_gmt":"2018-12-20T17:12:52","guid":{"rendered":"http:\/\/www.asphan.org.br\/index.php\/?p=1868"},"modified":"2018-12-20T15:12:52","modified_gmt":"2018-12-20T17:12:52","slug":"nota-da-advogada-sobre-o-dissidio-coletivo-de-89","status":"publish","type":"post","link":"http:\/\/www.asphan.org.br\/index.php\/nota-da-advogada-sobre-o-dissidio-coletivo-de-89","title":{"rendered":"Nota da advogada sobre o Diss\u00eddio Coletivo de 89"},"content":{"rendered":"<p>Caros associados,<\/p>\n<p>Disponibilizamos abaixo nota da advogada respons\u00e1vel pelo processo do Diss\u00eddio Coletivo de 1989. Acrescentamos que o dinheiro j\u00e1 se encontra na Vara, \u00e0 disposi\u00e7\u00e3o da Ju\u00edza. Segue:&nbsp;<\/p>\n<p><em>Prezados Clientes,<\/em><\/p>\n<p><em>Boa Tarde! Informo a todos que, no dia 19 de dezembro, estive na 20\u00aa Vara do Trabalho, acompanhada do Presidente da ASPHAN &#8211; Leonardo Barreto &#8211; despachando com a ju\u00edza do processo 1122\/90, Dra. Aline.<\/em><\/p>\n<p><em>Tanto a ju\u00edza, quanto o Dr. Rodrigo, chefe da Secretaria demonstraram enorme boa-vontade em resolverem, o quanto antes, a situa\u00e7\u00e3o referente \u00e0 expedi\u00e7\u00e3o dos 56 alvar\u00e1s, mas que entendiam invi\u00e1vel faz\u00ea-lo ainda hoje.<\/em><\/p>\n<p><em>Neste sentido, ficou combinado que este ser\u00e1 o primeiro ato a ser praticado nas pr\u00f3ximas semanas e que, inclusive, considerando a ordem, este ser\u00e1 o primeiro processo a ter os alvar\u00e1s expedidos, confirmando o pagamento dentro do m\u00eas de janeiro.<\/em><\/p>\n<p><em>T\u00e3o logo tenha novidades, entrarei em contato com todos novamente.<\/em><\/p>\n<p><em>Abra\u00e7os a todos.<\/em><\/p>\n<p><em>Claudia M\u00aa Beatriz S. Duranti<\/em><br \/>\n<em>Advogada<\/em><\/p>\n","protected":false},"excerpt":{"rendered":"<p>Caros associados, Disponibilizamos abaixo nota da advogada respons\u00e1vel pelo processo do Diss\u00eddio Coletivo de 1989. Acrescentamos que o dinheiro j\u00e1 se encontra na Vara, \u00e0 disposi\u00e7\u00e3o da Ju\u00edza. Segue:&nbsp; Prezados Clientes, Boa Tarde! Informo a todos que, no dia 19 de dezembro, estive na 20\u00aa Vara do Trabalho, acompanhada do Presidente da ASPHAN &#8211; Leonardo [&hellip;]<\/p>\n","protected":false},"author":3,"featured_media":0,"comment_status":"closed","ping_status":"closed","sticky":false,"template":"","format":"standard","meta":{"_bbp_topic_count":0,"_bbp_reply_count":0,"_bbp_total_topic_count":0,"_bbp_total_reply_count":0,"_bbp_voice_count":0,"_bbp_anonymous_reply_count":0,"_bbp_topic_count_hidden":0,"_bbp_reply_count_hidden":0,"_bbp_forum_subforum_count":0,"ngg_post_thumbnail":0,"_links_to":"","_links_to_target":""},"categories":[7,18],"tags":[],"_links":{"self":[{"href":"http:\/\/www.asphan.org.br\/index.php\/wp-json\/wp\/v2\/posts\/1868"}],"collection":[{"href":"http:\/\/www.asphan.org.br\/index.php\/wp-json\/wp\/v2\/posts"}],"about":[{"href":"http:\/\/www.asphan.org.br\/index.php\/wp-json\/wp\/v2\/types\/post"}],"author":[{"embeddable":true,"href":"http:\/\/www.asphan.org.br\/index.php\/wp-json\/wp\/v2\/users\/3"}],"replies":[{"embeddable":true,"href":"http:\/\/www.asphan.org.br\/index.php\/wp-json\/wp\/v2\/comments?post=1868"}],"version-history":[{"count":2,"href":"http:\/\/www.asphan.org.br\/index.php\/wp-json\/wp\/v2\/posts\/1868\/revisions"}],"predecessor-version":[{"id":1870,"href":"http:\/\/www.asphan.org.br\/index.php\/wp-json\/wp\/v2\/posts\/1868\/revisions\/1870"}],"wp:attachment":[{"href":"http:\/\/www.asphan.org.br\/index.php\/wp-json\/wp\/v2\/media?parent=1868"}],"wp:term":[{"taxonomy":"category","embeddable":true,"href":"http:\/\/www.asphan.org.br\/index.php\/wp-json\/wp\/v2\/categories?post=1868"},{"taxonomy":"post_tag","embeddable":true,"href":"http:\/\/www.asphan.org.br\/index.php\/wp-json\/wp\/v2\/tags?post=1868"}],"curies":[{"name":"wp","href":"https:\/\/api.w.org\/{rel}","templated":true}]}}