{"id":1888,"date":"2019-01-22T11:24:45","date_gmt":"2019-01-22T13:24:45","guid":{"rendered":"http:\/\/www.asphan.org.br\/index.php\/?p=1888"},"modified":"2019-01-22T11:24:59","modified_gmt":"2019-01-22T13:24:59","slug":"pagamento-dos-precatorios-do-dissidio","status":"publish","type":"post","link":"http:\/\/www.asphan.org.br\/index.php\/pagamento-dos-precatorios-do-dissidio","title":{"rendered":"Pagamento dos precat\u00f3rios do Diss\u00eddio de 89"},"content":{"rendered":"<p><span style=\"font-weight: 400;\">Caros colegas,<\/span><\/p>\n<p><span style=\"font-weight: 400;\">De fato, hoje \u00e9 um dia de enorme alegria para todos da <\/span><b>ASPHAN<\/b><span style=\"font-weight: 400;\">, da atual gest\u00e3o e das dire\u00e7\u00f5es passadas, que h\u00e1 muitos anos vem se esfor\u00e7ando para que se conseguisse um desfecho favor\u00e1vel do processo relativo ao Diss\u00eddio de 1989. <\/span><\/p>\n<p><span style=\"font-weight: 400;\">A advogada Dra. Claudia Duranti nos informou que repassou, nesta data, por meio de transfer\u00eancia banc\u00e1ria, os valores devidos a cada colega que fazia jus ao recebimento por meio de precat\u00f3rio. &nbsp;<\/span><\/p>\n<p><span style=\"font-weight: 400;\">Nos pr\u00f3ximos dias, ela ir\u00e1 enviar a cada um desses colegas c\u00f3pia de seu alvar\u00e1, comprovando os valores liberados pela justi\u00e7a. Tamb\u00e9m fornecer\u00e1 instru\u00e7\u00f5es, pertinentes aos procedimentos para declara\u00e7\u00e3o do imposto de renda. <\/span><\/p>\n<p><span style=\"font-weight: 400;\">Todos os colegas constantes no rol de precat\u00f3rios tiveram realizado o repasse feito pela advogada, ficando de fora, neste momento, somente os j\u00e1 falecidos. A Dra. Claudia Duranti est\u00e1 entrando em contato com as fam\u00edlias dos que vieram a \u00f3bito para as provid\u00eancias devidas, contudo, fundamental que os mesmos se adiantem e procurem por seu escrit\u00f3rio. <\/span><\/p>\n<p><span style=\"font-weight: 400;\">Esta foi uma etapa important\u00edssima, pois se trata do primeiro pagamento relativo \u00e0 a\u00e7\u00e3o. Outra excelente not\u00edcia vem da Vara de Precat\u00f3rios e RPVs. A Dra. Claudia foi comunicada que os c\u00e1lculos dos RPVs foram conclu\u00eddos e somente aguardam o retorno do processo, que se encontra na Vara do Trabalho, para realiza\u00e7\u00e3o do pagamento dos precat\u00f3rios e as provid\u00eancias seguintes. <\/span><\/p>\n<p><span style=\"font-weight: 400;\">Estimamos, portanto, que o retorno ocorra nestes dias e a solicita\u00e7\u00e3o de recursos para a Uni\u00e3o seja realizada em fevereiro. Como todos sabem, tivemos todo tipo de percal\u00e7os, administrativos e jur\u00eddicos que fizeram com que a tramita\u00e7\u00e3o levasse inacreditavelmente quase trinta anos, antes deste primeiro pagamento. <\/span><\/p>\n<p><span style=\"font-weight: 400;\">NUNCA deixamos de acreditar e, principalmente, trabalhar para que justi\u00e7a nessa a\u00e7\u00e3o fosse feita. Continuaremos com o mesmo afinco, pois este \u00e9 apenas o primeiro passo, at\u00e9 que TODOS os colegas deste processo recebam o dinheiro que lhes \u00e9 devido. <\/span><\/p>\n<p><span style=\"font-weight: 400;\">Assim, parabenizo aos colegas e, dentre estes, muitos queridos amigos, que agora receberam nesta etapa. Pe\u00e7o aos demais que mantenham a calma, pois estamos no caminho certo. <\/span><\/p>\n<p><span style=\"font-weight: 400;\">Cumpre, sem d\u00favida, agradecer a todos os ex-presidentes, que levaram esta luta \u00e0 frente. De modo especial, \u00e0s incans\u00e1veis e obstinadas amigas Zulmira e Lucineide, a quem todos muito devem neste processo, \u00e0 diretoria da <\/span><b>ASPHAN<\/b><span style=\"font-weight: 400;\">, na figura do Vice presidente Eliezer Nascimento, \u00e0 parceria da Dra. Claudia Duranti e Dra. Ludmila Maia, aos colaboradores Dayse, Caet\u00e9s e Paula pela cordialidade e paci\u00eancia di\u00e1ria no atendimento aos associados, al\u00e9m da enorme boa vontade em resolver problemas e informar aos colegas as tratativas deste processo. <\/span><\/p>\n<p><span style=\"font-weight: 400;\">Mesmo correndo o risco, de esquecer alguns colegas, aos quais pe\u00e7o, de antem\u00e3o, perd\u00e3o, devo listar os caros amigos que estiveram sempre \u00e0 disposi\u00e7\u00e3o e ajudaram no que estivesse a seu alcance, para um bom termo desta luta: Ruth Castro, Dino, \u00c2ngela Motta, Ivan Sardinha, Marcos Rego, Jose Ant\u00f4nio Afonso, Paulo Cesar Ribeiro e Cesar Almeida.<\/span><\/p>\n<p><span style=\"font-weight: 400;\">VAMOS EM FRENTE!!!!<\/span><\/p>\n<p><span style=\"font-weight: 400;\">Forte abra\u00e7o, <\/span><span style=\"font-weight: 400;\"><br \/>\n<\/span><span style=\"font-weight: 400;\">Leonardo Barreto <\/span><span style=\"font-weight: 400;\"><br \/>\n<\/span><span style=\"font-weight: 400;\">Presid\u00eancia <strong>ASPHAN<\/strong><\/span><\/p>\n","protected":false},"excerpt":{"rendered":"<p>Caros colegas, De fato, hoje \u00e9 um dia de enorme alegria para todos da ASPHAN, da atual gest\u00e3o e das dire\u00e7\u00f5es passadas, que h\u00e1 muitos anos vem se esfor\u00e7ando para que se conseguisse um desfecho favor\u00e1vel do processo relativo ao Diss\u00eddio de 1989. A advogada Dra. Claudia Duranti nos informou que repassou, nesta data, por [&hellip;]<\/p>\n","protected":false},"author":3,"featured_media":0,"comment_status":"closed","ping_status":"closed","sticky":false,"template":"","format":"standard","meta":{"_bbp_topic_count":0,"_bbp_reply_count":0,"_bbp_total_topic_count":0,"_bbp_total_reply_count":0,"_bbp_voice_count":0,"_bbp_anonymous_reply_count":0,"_bbp_topic_count_hidden":0,"_bbp_reply_count_hidden":0,"_bbp_forum_subforum_count":0,"ngg_post_thumbnail":0,"_links_to":"","_links_to_target":""},"categories":[7,18],"tags":[],"_links":{"self":[{"href":"http:\/\/www.asphan.org.br\/index.php\/wp-json\/wp\/v2\/posts\/1888"}],"collection":[{"href":"http:\/\/www.asphan.org.br\/index.php\/wp-json\/wp\/v2\/posts"}],"about":[{"href":"http:\/\/www.asphan.org.br\/index.php\/wp-json\/wp\/v2\/types\/post"}],"author":[{"embeddable":true,"href":"http:\/\/www.asphan.org.br\/index.php\/wp-json\/wp\/v2\/users\/3"}],"replies":[{"embeddable":true,"href":"http:\/\/www.asphan.org.br\/index.php\/wp-json\/wp\/v2\/comments?post=1888"}],"version-history":[{"count":3,"href":"http:\/\/www.asphan.org.br\/index.php\/wp-json\/wp\/v2\/posts\/1888\/revisions"}],"predecessor-version":[{"id":1891,"href":"http:\/\/www.asphan.org.br\/index.php\/wp-json\/wp\/v2\/posts\/1888\/revisions\/1891"}],"wp:attachment":[{"href":"http:\/\/www.asphan.org.br\/index.php\/wp-json\/wp\/v2\/media?parent=1888"}],"wp:term":[{"taxonomy":"category","embeddable":true,"href":"http:\/\/www.asphan.org.br\/index.php\/wp-json\/wp\/v2\/categories?post=1888"},{"taxonomy":"post_tag","embeddable":true,"href":"http:\/\/www.asphan.org.br\/index.php\/wp-json\/wp\/v2\/tags?post=1888"}],"curies":[{"name":"wp","href":"https:\/\/api.w.org\/{rel}","templated":true}]}}