{"id":1898,"date":"2019-03-13T19:14:28","date_gmt":"2019-03-13T22:14:28","guid":{"rendered":"http:\/\/www.asphan.org.br\/index.php\/?p=1898"},"modified":"2019-03-13T19:14:28","modified_gmt":"2019-03-13T22:14:28","slug":"nota-de-falecimento-3","status":"publish","type":"post","link":"http:\/\/www.asphan.org.br\/index.php\/nota-de-falecimento-3","title":{"rendered":"Nota de Falecimento"},"content":{"rendered":"<p><span style=\"font-weight: 400;\">Prezados associados,<\/span><\/p>\n<p><span style=\"font-weight: 400;\">N\u00e3o poderia deixar de manifestar e lamentar profundamente, em meu nome e tamb\u00e9m como presidente da <\/span><b>ASPHAN<\/b><span style=\"font-weight: 400;\">, o falecimento no dia de ontem (12 de mar\u00e7o de 2019) do caro colega Mauro Bond, apaixonado pelo Iphan e pelo nosso Patrim\u00f4nio Cultural como poucos. <\/span><\/p>\n<p><span style=\"font-weight: 400;\">Participou, assim como todos da gera\u00e7\u00e3o que entrou no Iphan nos anos 80, das duras lutas e embates travados pelo corpo de servidores que garantiram a sobreviv\u00eancia da institui\u00e7\u00e3o at\u00e9 os dias atuais. S\u00e3o Paulo, sem d\u00favidas, perde um grande defensor de seu Patrim\u00f4nio.<br \/>\n<\/span><span style=\"font-weight: 400;\"><br \/>\n<\/span><span style=\"font-weight: 400;\">Pessoalmente, sou grato \u00e0s gentis palavras nos momentos dif\u00edceis e aos incentivos ao trabalho da <\/span><b>ASPHAN<\/b><span style=\"font-weight: 400;\">. Sou ainda tomado por profunda irrita\u00e7\u00e3o quando colega pertencente \u00e0 a\u00e7\u00e3o do Diss\u00eddio Coletivo falece sem receber o que lhe \u00e9 de direito. <\/span><span style=\"font-weight: 400;\"><br \/>\n<\/span><\/p>\n<p><span style=\"font-weight: 400;\">Com pesar,<\/span><span style=\"font-weight: 400;\"><br \/>\n<\/span><span style=\"font-weight: 400;\">Leonardo Barreto<\/span><span style=\"font-weight: 400;\"><br \/>\n<\/span><span style=\"font-weight: 400;\">Presidente <\/span><b>ASPHAN <\/b><\/p>\n","protected":false},"excerpt":{"rendered":"<p>Prezados associados, N\u00e3o poderia deixar de manifestar e lamentar profundamente, em meu nome e tamb\u00e9m como presidente da ASPHAN, o falecimento no dia de ontem (12 de mar\u00e7o de 2019) do caro colega Mauro Bond, apaixonado pelo Iphan e pelo nosso Patrim\u00f4nio Cultural como poucos. Participou, assim como todos da gera\u00e7\u00e3o que entrou no Iphan [&hellip;]<\/p>\n","protected":false},"author":3,"featured_media":0,"comment_status":"closed","ping_status":"closed","sticky":false,"template":"","format":"standard","meta":{"_bbp_topic_count":0,"_bbp_reply_count":0,"_bbp_total_topic_count":0,"_bbp_total_reply_count":0,"_bbp_voice_count":0,"_bbp_anonymous_reply_count":0,"_bbp_topic_count_hidden":0,"_bbp_reply_count_hidden":0,"_bbp_forum_subforum_count":0,"ngg_post_thumbnail":0,"_links_to":"","_links_to_target":""},"categories":[7,18],"tags":[],"_links":{"self":[{"href":"http:\/\/www.asphan.org.br\/index.php\/wp-json\/wp\/v2\/posts\/1898"}],"collection":[{"href":"http:\/\/www.asphan.org.br\/index.php\/wp-json\/wp\/v2\/posts"}],"about":[{"href":"http:\/\/www.asphan.org.br\/index.php\/wp-json\/wp\/v2\/types\/post"}],"author":[{"embeddable":true,"href":"http:\/\/www.asphan.org.br\/index.php\/wp-json\/wp\/v2\/users\/3"}],"replies":[{"embeddable":true,"href":"http:\/\/www.asphan.org.br\/index.php\/wp-json\/wp\/v2\/comments?post=1898"}],"version-history":[{"count":2,"href":"http:\/\/www.asphan.org.br\/index.php\/wp-json\/wp\/v2\/posts\/1898\/revisions"}],"predecessor-version":[{"id":1900,"href":"http:\/\/www.asphan.org.br\/index.php\/wp-json\/wp\/v2\/posts\/1898\/revisions\/1900"}],"wp:attachment":[{"href":"http:\/\/www.asphan.org.br\/index.php\/wp-json\/wp\/v2\/media?parent=1898"}],"wp:term":[{"taxonomy":"category","embeddable":true,"href":"http:\/\/www.asphan.org.br\/index.php\/wp-json\/wp\/v2\/categories?post=1898"},{"taxonomy":"post_tag","embeddable":true,"href":"http:\/\/www.asphan.org.br\/index.php\/wp-json\/wp\/v2\/tags?post=1898"}],"curies":[{"name":"wp","href":"https:\/\/api.w.org\/{rel}","templated":true}]}}