{"id":1914,"date":"2019-04-11T11:43:31","date_gmt":"2019-04-11T14:43:31","guid":{"rendered":"http:\/\/www.asphan.org.br\/index.php\/?p=1914"},"modified":"2019-04-11T11:45:38","modified_gmt":"2019-04-11T14:45:38","slug":"ajuizamento-de-acao-relativa-ao-recolhimento-previdenciario","status":"publish","type":"post","link":"http:\/\/www.asphan.org.br\/index.php\/ajuizamento-de-acao-relativa-ao-recolhimento-previdenciario","title":{"rendered":"Ajuizamento de a\u00e7\u00e3o relativa ao recolhimento previdenci\u00e1rio"},"content":{"rendered":"<p><span style=\"font-weight: 400;\">Aten\u00e7\u00e3o, associados!<\/span><\/p>\n<p><span style=\"font-weight: 400;\">Aqueles que desejam integrar a a\u00e7\u00e3o que visa afastar a exigibilidade da contribui\u00e7\u00e3o previdenci\u00e1ria sobre parcelas constantes na remunera\u00e7\u00e3o n\u00e3o incorpor\u00e1veis aos proventos e\/ou benef\u00edcios de aposentadoria do servidor p\u00fablico, bem como recuperar e\/ou ressarcir valores objeto de recolhimento a esse t\u00edtulo, observado o prazo prescricional quinquenal, devem enviar \u00e0 <strong>ASPHAN<\/strong> o termo de ades\u00e3o <a href=\"http:\/\/www.asphan.org.br\/wp-content\/uploads\/2019\/04\/Termo-de-autoriza%C3%A7%C3%A3o-e-ades%C3%A3o-do-associado-ao-ajuizamento-de-a%C3%A7%C3%A3o-recolhimento-previdenci%C3%A1rio.pdf\"><strong>dispon\u00edvel para download neste link<\/strong><\/a>.<\/span><\/p>\n<p><span style=\"font-weight: 400;\">O termo preenchido e assinado pode ser encaminhado para o e-mail asphandn@superig.com.br ou via correio para o endere\u00e7o: Avenida Presidente Vargas, 633 \u2013 Sala 816\/817 \u2013 Centro, Rio de Janeiro (RJ) \/ CEP: 20071-004.<\/span><\/p>\n<p><span style=\"font-weight: 400;\">Al\u00e9m disso, o dep\u00f3sito com quantia de R$ 100, referente aos custos iniciais do processo, deve ser efetivado na conta da Associa\u00e7\u00e3o: Banco do Brasil \/ Ag\u00eancia 1252-1 \/ Conta corrente 47185-2.<\/span><\/p>\n<p><span style=\"font-weight: 400;\">O prazo para o envio do termo e dep\u00f3sito \u00e9 at\u00e9 25 de abril de 2019. Trata-se de uma a\u00e7\u00e3o com grandes chances de sucesso, visto que j\u00e1 existe decis\u00e3o judicial favor\u00e1vel nesse sentido.<\/span><\/p>\n<p><span style=\"font-weight: 400;\">Atenciosamente,<br \/>\n<\/span><span style=\"font-weight: 400;\">Diretoria <strong>ASPHAN<\/strong><\/span><\/p>\n","protected":false},"excerpt":{"rendered":"<p>Aten\u00e7\u00e3o, associados! Aqueles que desejam integrar a a\u00e7\u00e3o que visa afastar a exigibilidade da contribui\u00e7\u00e3o previdenci\u00e1ria sobre parcelas constantes na remunera\u00e7\u00e3o n\u00e3o incorpor\u00e1veis aos proventos e\/ou benef\u00edcios de aposentadoria do servidor p\u00fablico, bem como recuperar e\/ou ressarcir valores objeto de recolhimento a esse t\u00edtulo, observado o prazo prescricional quinquenal, devem enviar \u00e0 ASPHAN o termo [&hellip;]<\/p>\n","protected":false},"author":3,"featured_media":0,"comment_status":"closed","ping_status":"closed","sticky":false,"template":"","format":"standard","meta":{"_bbp_topic_count":0,"_bbp_reply_count":0,"_bbp_total_topic_count":0,"_bbp_total_reply_count":0,"_bbp_voice_count":0,"_bbp_anonymous_reply_count":0,"_bbp_topic_count_hidden":0,"_bbp_reply_count_hidden":0,"_bbp_forum_subforum_count":0,"ngg_post_thumbnail":0,"_links_to":"","_links_to_target":""},"categories":[7,18],"tags":[],"_links":{"self":[{"href":"http:\/\/www.asphan.org.br\/index.php\/wp-json\/wp\/v2\/posts\/1914"}],"collection":[{"href":"http:\/\/www.asphan.org.br\/index.php\/wp-json\/wp\/v2\/posts"}],"about":[{"href":"http:\/\/www.asphan.org.br\/index.php\/wp-json\/wp\/v2\/types\/post"}],"author":[{"embeddable":true,"href":"http:\/\/www.asphan.org.br\/index.php\/wp-json\/wp\/v2\/users\/3"}],"replies":[{"embeddable":true,"href":"http:\/\/www.asphan.org.br\/index.php\/wp-json\/wp\/v2\/comments?post=1914"}],"version-history":[{"count":3,"href":"http:\/\/www.asphan.org.br\/index.php\/wp-json\/wp\/v2\/posts\/1914\/revisions"}],"predecessor-version":[{"id":1917,"href":"http:\/\/www.asphan.org.br\/index.php\/wp-json\/wp\/v2\/posts\/1914\/revisions\/1917"}],"wp:attachment":[{"href":"http:\/\/www.asphan.org.br\/index.php\/wp-json\/wp\/v2\/media?parent=1914"}],"wp:term":[{"taxonomy":"category","embeddable":true,"href":"http:\/\/www.asphan.org.br\/index.php\/wp-json\/wp\/v2\/categories?post=1914"},{"taxonomy":"post_tag","embeddable":true,"href":"http:\/\/www.asphan.org.br\/index.php\/wp-json\/wp\/v2\/tags?post=1914"}],"curies":[{"name":"wp","href":"https:\/\/api.w.org\/{rel}","templated":true}]}}