{"id":1919,"date":"2019-04-22T08:01:59","date_gmt":"2019-04-22T11:01:59","guid":{"rendered":"http:\/\/www.asphan.org.br\/index.php\/?p=1919"},"modified":"2019-04-22T08:07:11","modified_gmt":"2019-04-22T11:07:11","slug":"colegas-aposentados-complemento-a-nota-sobre-acao-relativa-a-recolhimento-previdenciario-indevido","status":"publish","type":"post","link":"http:\/\/www.asphan.org.br\/index.php\/colegas-aposentados-complemento-a-nota-sobre-acao-relativa-a-recolhimento-previdenciario-indevido","title":{"rendered":"Aos colegas aposentados: Complemento \u00e0 nota sobre a\u00e7\u00e3o relativa a recolhimento previdenci\u00e1rio indevido"},"content":{"rendered":"<p><span style=\"font-weight: 400;\">Caros Colegas,<\/span><\/p>\n<p><span style=\"font-weight: 400;\"> Cabe complemento \u00e0 nota anterior: &nbsp;alguns servidores aposentados nos procuraram em d\u00favida sobre estarem inclu\u00eddos ou n\u00e3o na a\u00e7\u00e3o relativa ao recolhimento previdenci\u00e1rio, sobre a qual publicamos em 11 de abril [<a href=\"http:\/\/www.asphan.org.br\/ajuizamento-de-acao-relativa-ao-recolhimento-previdenciario\">clique aqui para acessar o texto<\/a>]. <\/span><span style=\"font-weight: 400;\"><br \/>\n<\/span><span style=\"font-weight: 400;\"><br \/>\n<\/span><span style=\"font-weight: 400;\">Como esses descontos t\u00eam sido indevidamente realizados sobre o d\u00e9cimo terceiro sal\u00e1rio e sobre as f\u00e9rias, no caso dos aposentados, o desconto sobre as f\u00e9rias n\u00e3o mais incide, porque esses colegas j\u00e1 n\u00e3o as recebem. Portanto, quem se aposentou h\u00e1 mais de cinco anos n\u00e3o far\u00e1 jus \u00e0 restitui\u00e7\u00e3o relativa \u00e0s f\u00e9rias, pelo esgotamento do prazo judicial para interpor a a\u00e7\u00e3o sobre direito. Aqueles que se aposentaram em menos de cinco anos ter\u00e3o provimento parcial. <\/span><\/p>\n<p><span style=\"font-weight: 400;\">Os aposentados que nos procuraram enviaram contracheque com desconto previdenci\u00e1rio realizado sobre d\u00e9cimo terceiro sal\u00e1rio. Parece-nos que este \u00e9 o procedimento geral adotado pelo governo. <\/span><\/p>\n<p><span style=\"font-weight: 400;\">Recomendamos que cada associado verifique o contracheque e observe se a informa\u00e7\u00e3o procede. Ainda que n\u00e3o tenha direito \u00e0 restitui\u00e7\u00e3o do valor do desconto indevido de f\u00e9rias, mas apenas do d\u00e9cimo terceiro, \u00e9 vantajoso entrar na a\u00e7\u00e3o, considerando tamb\u00e9m que durante o tempo de tramita\u00e7\u00e3o estar\u00e3o sendo computados os juros e as corre\u00e7\u00f5es sobre os valores devidos ao contribuinte.<\/span><\/p>\n<p>Atenciosamente,<br \/>\nLeonardo Barreto<br \/>\nPresid\u00eancia <strong>ASPHAN<\/strong><\/p>\n","protected":false},"excerpt":{"rendered":"<p>Caros Colegas, Cabe complemento \u00e0 nota anterior: &nbsp;alguns servidores aposentados nos procuraram em d\u00favida sobre estarem inclu\u00eddos ou n\u00e3o na a\u00e7\u00e3o relativa ao recolhimento previdenci\u00e1rio, sobre a qual publicamos em 11 de abril [clique aqui para acessar o texto]. Como esses descontos t\u00eam sido indevidamente realizados sobre o d\u00e9cimo terceiro sal\u00e1rio e sobre as f\u00e9rias, [&hellip;]<\/p>\n","protected":false},"author":3,"featured_media":0,"comment_status":"closed","ping_status":"closed","sticky":false,"template":"","format":"standard","meta":{"_bbp_topic_count":0,"_bbp_reply_count":0,"_bbp_total_topic_count":0,"_bbp_total_reply_count":0,"_bbp_voice_count":0,"_bbp_anonymous_reply_count":0,"_bbp_topic_count_hidden":0,"_bbp_reply_count_hidden":0,"_bbp_forum_subforum_count":0,"ngg_post_thumbnail":0,"_links_to":"","_links_to_target":""},"categories":[7,18],"tags":[],"_links":{"self":[{"href":"http:\/\/www.asphan.org.br\/index.php\/wp-json\/wp\/v2\/posts\/1919"}],"collection":[{"href":"http:\/\/www.asphan.org.br\/index.php\/wp-json\/wp\/v2\/posts"}],"about":[{"href":"http:\/\/www.asphan.org.br\/index.php\/wp-json\/wp\/v2\/types\/post"}],"author":[{"embeddable":true,"href":"http:\/\/www.asphan.org.br\/index.php\/wp-json\/wp\/v2\/users\/3"}],"replies":[{"embeddable":true,"href":"http:\/\/www.asphan.org.br\/index.php\/wp-json\/wp\/v2\/comments?post=1919"}],"version-history":[{"count":5,"href":"http:\/\/www.asphan.org.br\/index.php\/wp-json\/wp\/v2\/posts\/1919\/revisions"}],"predecessor-version":[{"id":1921,"href":"http:\/\/www.asphan.org.br\/index.php\/wp-json\/wp\/v2\/posts\/1919\/revisions\/1921"}],"wp:attachment":[{"href":"http:\/\/www.asphan.org.br\/index.php\/wp-json\/wp\/v2\/media?parent=1919"}],"wp:term":[{"taxonomy":"category","embeddable":true,"href":"http:\/\/www.asphan.org.br\/index.php\/wp-json\/wp\/v2\/categories?post=1919"},{"taxonomy":"post_tag","embeddable":true,"href":"http:\/\/www.asphan.org.br\/index.php\/wp-json\/wp\/v2\/tags?post=1919"}],"curies":[{"name":"wp","href":"https:\/\/api.w.org\/{rel}","templated":true}]}}