{"id":1930,"date":"2019-04-27T13:30:45","date_gmt":"2019-04-27T16:30:45","guid":{"rendered":"http:\/\/www.asphan.org.br\/index.php\/?p=1930"},"modified":"2019-04-27T13:30:45","modified_gmt":"2019-04-27T16:30:45","slug":"primeira-leva-de-pagamentos-do-dissidio-coletivo-de-89","status":"publish","type":"post","link":"http:\/\/www.asphan.org.br\/index.php\/primeira-leva-de-pagamentos-do-dissidio-coletivo-de-89","title":{"rendered":"Primeira leva de pagamentos do Diss\u00eddio Coletivo de 89"},"content":{"rendered":"<p>Boa not\u00edcia!<\/p>\n<p>A advogada respons\u00e1vel pelo processo do Diss\u00eddio Coletivo de 1989, dra. Cl\u00e1udia Duranti, informou \u00e0 <strong>ASPHAN<\/strong> que os recursos referentes aos precat\u00f3rios e RPVs est\u00e3o dispon\u00edveis no setor de pagamentos.<\/p>\n<p>Na segunda-feira, 29\/04, devem ser encaminhados \u00e0 ju\u00edza, que dar\u00e1 in\u00edcio ao processo de expedi\u00e7\u00e3o dos alvar\u00e1s.<\/p>\n<p>Solicitamos calma aos colegas, para evitar tumultos no processo. Aqueles que ainda n\u00e3o enviaram os dados para o recebimento precisam entrar em contato com a Associa\u00e7\u00e3o o mais r\u00e1pido poss\u00edvel.<\/p>\n<p>Atenciosamente,<br \/>\nDiretoria <strong>ASPHAN<\/strong><\/p>\n","protected":false},"excerpt":{"rendered":"<p>Boa not\u00edcia! A advogada respons\u00e1vel pelo processo do Diss\u00eddio Coletivo de 1989, dra. Cl\u00e1udia Duranti, informou \u00e0 ASPHAN que os recursos referentes aos precat\u00f3rios e RPVs est\u00e3o dispon\u00edveis no setor de pagamentos. Na segunda-feira, 29\/04, devem ser encaminhados \u00e0 ju\u00edza, que dar\u00e1 in\u00edcio ao processo de expedi\u00e7\u00e3o dos alvar\u00e1s. Solicitamos calma aos colegas, para evitar [&hellip;]<\/p>\n","protected":false},"author":3,"featured_media":0,"comment_status":"closed","ping_status":"closed","sticky":false,"template":"","format":"standard","meta":{"_bbp_topic_count":0,"_bbp_reply_count":0,"_bbp_total_topic_count":0,"_bbp_total_reply_count":0,"_bbp_voice_count":0,"_bbp_anonymous_reply_count":0,"_bbp_topic_count_hidden":0,"_bbp_reply_count_hidden":0,"_bbp_forum_subforum_count":0,"ngg_post_thumbnail":0,"_links_to":"","_links_to_target":""},"categories":[7,18],"tags":[],"_links":{"self":[{"href":"http:\/\/www.asphan.org.br\/index.php\/wp-json\/wp\/v2\/posts\/1930"}],"collection":[{"href":"http:\/\/www.asphan.org.br\/index.php\/wp-json\/wp\/v2\/posts"}],"about":[{"href":"http:\/\/www.asphan.org.br\/index.php\/wp-json\/wp\/v2\/types\/post"}],"author":[{"embeddable":true,"href":"http:\/\/www.asphan.org.br\/index.php\/wp-json\/wp\/v2\/users\/3"}],"replies":[{"embeddable":true,"href":"http:\/\/www.asphan.org.br\/index.php\/wp-json\/wp\/v2\/comments?post=1930"}],"version-history":[{"count":2,"href":"http:\/\/www.asphan.org.br\/index.php\/wp-json\/wp\/v2\/posts\/1930\/revisions"}],"predecessor-version":[{"id":1932,"href":"http:\/\/www.asphan.org.br\/index.php\/wp-json\/wp\/v2\/posts\/1930\/revisions\/1932"}],"wp:attachment":[{"href":"http:\/\/www.asphan.org.br\/index.php\/wp-json\/wp\/v2\/media?parent=1930"}],"wp:term":[{"taxonomy":"category","embeddable":true,"href":"http:\/\/www.asphan.org.br\/index.php\/wp-json\/wp\/v2\/categories?post=1930"},{"taxonomy":"post_tag","embeddable":true,"href":"http:\/\/www.asphan.org.br\/index.php\/wp-json\/wp\/v2\/tags?post=1930"}],"curies":[{"name":"wp","href":"https:\/\/api.w.org\/{rel}","templated":true}]}}