{"id":1937,"date":"2019-05-10T10:50:49","date_gmt":"2019-05-10T13:50:49","guid":{"rendered":"http:\/\/www.asphan.org.br\/index.php\/?p=1937"},"modified":"2019-05-10T10:50:49","modified_gmt":"2019-05-10T13:50:49","slug":"transito-em-julgado-de-acao-referente-a-lei-12-27710","status":"publish","type":"post","link":"http:\/\/www.asphan.org.br\/index.php\/transito-em-julgado-de-acao-referente-a-lei-12-27710","title":{"rendered":"Tr\u00e2nsito em julgado de a\u00e7\u00e3o referente \u00e0 Lei 12.277\/10"},"content":{"rendered":"<p><em><span style=\"font-weight: 400;\">*Mensagem do escrit\u00f3rio de advocacia Bento Muniz<\/span><\/em><span style=\"font-weight: 400;\"><br \/>\n<\/span><span style=\"font-weight: 400;\"><br \/>\n<\/span><span style=\"font-weight: 400;\">Finalizado mais um processo que tinha por objeto o enquadramento de grupo de servidores do IPHAN na estrutura remunerat\u00f3ria prevista na Lei 12.277\/10<\/span><\/p>\n<p><span style=\"font-weight: 400;\">Arquitetos do IPHAN obtiveram mais um importante \u00eaxito nas \u00faltimas semanas ao conquistarem o direito de enquadramento na estrutura remunerat\u00f3ria prevista na Lei 12.277\/10 (processo n. 0004258-73.2012.4.02.5001, em tr\u00e2mite na 1\u00aa Vara Federal do Esp\u00edrito Santo). <\/span><\/p>\n<p><span style=\"font-weight: 400;\">O Supremo Tribunal Federal, nos autos do RE 1175590\/RJ, deixou de conhecer o Recurso Extraordin\u00e1rio interposto pelo IPHAN contra o ac\u00f3rd\u00e3o proferido pelo Tribunal Regional Federal da 2\u00aa Regi\u00e3o, que reconheceu o direito dos autores daquela a\u00e7\u00e3o ao enquadramento nos termos da Lei 12.277\/10.<\/span><\/p>\n<p><span style=\"font-weight: 400;\">Na origem, a a\u00e7\u00e3o movida objetivava lhes fosse concedido o direito de op\u00e7\u00e3o ao enquadramento na estrutura remunerat\u00f3ria prevista na Lei 12.277\/10; e, ainda, a condena\u00e7\u00e3o do Iphan ao pagamento de diferen\u00e7a remunerat\u00f3ria oriunda da respectiva altera\u00e7\u00e3o, desde a vig\u00eancia da referida Lei at\u00e9 a efetiva implementa\u00e7\u00e3o da nova estrutura remunerat\u00f3ria.<\/span><\/p>\n<p><span style=\"font-weight: 400;\">O ac\u00f3rd\u00e3o proferido pelo Tribunal Regional Federal da 2\u00aa Regi\u00e3o \u2013 mantido pelo STF e STJ \u2013 reformou a senten\u00e7a que havia julgado os pedidos improcedentes e deu provimento ao Recurso de Apela\u00e7\u00e3o interposto pelos servidores do Iphan para reconhecer o direito dos autores ao citado enquadramento na Lei 12.277\/10, conforme j\u00e1 havia sido reconhecido administrativamente pelo pr\u00f3prio \u00f3rg\u00e3o.<\/span><\/p>\n<p><span style=\"font-weight: 400;\">Contra esta decis\u00e3o n\u00e3o cabe mais a interposi\u00e7\u00e3o de novos recursos, j\u00e1 tendo sido remetido o processo \u00e0 Vara de origem para in\u00edcio da fase de execu\u00e7\u00e3o, a fim de se proceder ao imediato enquadramento dos servidores na nova estrutura remunerat\u00f3ria e posterior c\u00e1lculo das quantias devidas referentes \u00e0 diferen\u00e7a remunerat\u00f3ria proveniente desta altera\u00e7\u00e3o, desde quando publicada a Lei.<\/span><\/p>\n<p><span style=\"font-weight: 400;\">Neste sentido, os servidores do Iphan que ainda n\u00e3o tiverem ingressado com a a\u00e7\u00e3o poder\u00e3o procurar o escrit\u00f3rio de advocacia, conveniado \u00e0 ASPHAN \u2013 Bento Muniz Advocacia (61 3039-8005, falar com Dra. Rebecca), para buscarem judicialmente o direito \u00e0 op\u00e7\u00e3o pela estrutura remunerat\u00f3ria da Lei 12.277\/10, al\u00e9m do pagamento das diferen\u00e7as devidas desde a data da publica\u00e7\u00e3o da Lei, cujo entendimento vem se pacificando favoravelmente aos servidores do \u00f3rg\u00e3o, no \u00e2mbito dos TRF\u2019s do pa\u00eds.<\/span><\/p>\n<p><span style=\"font-weight: 400;\">O direito se estende a todos os servidores \u2013 ativos e inativos &#8211; ocupantes dos cargos de provimento efetivo, de n\u00edvel superior, de arquiteto\/ge\u00f3logo\/engenheiro\/economista\/estat\u00edstico integrantes dos Planos de Carreiras e de Cargos vinculados ao Minist\u00e9rio da Cultura.<\/span><\/p>\n<p><span style=\"font-weight: 400;\">A nova estrutura remunerat\u00f3ria compreende, al\u00e9m dos vencimentos b\u00e1sicos, o pagamento de gratifica\u00e7\u00e3o por desempenho (GDACE).<\/span><\/p>\n","protected":false},"excerpt":{"rendered":"<p>*Mensagem do escrit\u00f3rio de advocacia Bento Muniz Finalizado mais um processo que tinha por objeto o enquadramento de grupo de servidores do IPHAN na estrutura remunerat\u00f3ria prevista na Lei 12.277\/10 Arquitetos do IPHAN obtiveram mais um importante \u00eaxito nas \u00faltimas semanas ao conquistarem o direito de enquadramento na estrutura remunerat\u00f3ria prevista na Lei 12.277\/10 (processo [&hellip;]<\/p>\n","protected":false},"author":3,"featured_media":0,"comment_status":"closed","ping_status":"closed","sticky":false,"template":"","format":"standard","meta":{"_bbp_topic_count":0,"_bbp_reply_count":0,"_bbp_total_topic_count":0,"_bbp_total_reply_count":0,"_bbp_voice_count":0,"_bbp_anonymous_reply_count":0,"_bbp_topic_count_hidden":0,"_bbp_reply_count_hidden":0,"_bbp_forum_subforum_count":0,"ngg_post_thumbnail":0,"_links_to":"","_links_to_target":""},"categories":[17,7,18],"tags":[],"_links":{"self":[{"href":"http:\/\/www.asphan.org.br\/index.php\/wp-json\/wp\/v2\/posts\/1937"}],"collection":[{"href":"http:\/\/www.asphan.org.br\/index.php\/wp-json\/wp\/v2\/posts"}],"about":[{"href":"http:\/\/www.asphan.org.br\/index.php\/wp-json\/wp\/v2\/types\/post"}],"author":[{"embeddable":true,"href":"http:\/\/www.asphan.org.br\/index.php\/wp-json\/wp\/v2\/users\/3"}],"replies":[{"embeddable":true,"href":"http:\/\/www.asphan.org.br\/index.php\/wp-json\/wp\/v2\/comments?post=1937"}],"version-history":[{"count":2,"href":"http:\/\/www.asphan.org.br\/index.php\/wp-json\/wp\/v2\/posts\/1937\/revisions"}],"predecessor-version":[{"id":1939,"href":"http:\/\/www.asphan.org.br\/index.php\/wp-json\/wp\/v2\/posts\/1937\/revisions\/1939"}],"wp:attachment":[{"href":"http:\/\/www.asphan.org.br\/index.php\/wp-json\/wp\/v2\/media?parent=1937"}],"wp:term":[{"taxonomy":"category","embeddable":true,"href":"http:\/\/www.asphan.org.br\/index.php\/wp-json\/wp\/v2\/categories?post=1937"},{"taxonomy":"post_tag","embeddable":true,"href":"http:\/\/www.asphan.org.br\/index.php\/wp-json\/wp\/v2\/tags?post=1937"}],"curies":[{"name":"wp","href":"https:\/\/api.w.org\/{rel}","templated":true}]}}